{"id":55170,"date":"2020-05-18T08:00:10","date_gmt":"2020-05-18T11:00:10","guid":{"rendered":"https:\/\/tvtecjundiai.com.br\/news\/?p=55170"},"modified":"2020-05-18T10:04:05","modified_gmt":"2020-05-18T13:04:05","slug":"assai-atacadista-tem-mais-de-300-vagas-abertas-em-jundiai","status":"publish","type":"post","link":"https:\/\/tvtecjundiai.com.br\/news\/2020\/05\/18\/assai-atacadista-tem-mais-de-300-vagas-abertas-em-jundiai\/","title":{"rendered":"Assa\u00ed Atacadista tem mais de 300 vagas abertas em Jundia\u00ed"},"content":{"rendered":"<div id=\"attachment_55177\" style=\"width: 506px\" class=\"wp-caption alignright\"><a href=\"https:\/\/tvtecjundiai.com.br\/news\/wp-content\/uploads\/sites\/2\/2020\/05\/assai-emprego-min.jpg\"><img loading=\"lazy\" decoding=\"async\" aria-describedby=\"caption-attachment-55177\" class=\"wp-image-55177\" src=\"https:\/\/tvtecjundiai.com.br\/news\/wp-content\/uploads\/sites\/2\/2020\/05\/assai-emprego-min-300x173.jpg\" alt=\"\" width=\"496\" height=\"286\" srcset=\"https:\/\/tvtecjundiai.com.br\/news\/wp-content\/uploads\/sites\/2\/2020\/05\/assai-emprego-min-300x173.jpg 300w, https:\/\/tvtecjundiai.com.br\/news\/wp-content\/uploads\/sites\/2\/2020\/05\/assai-emprego-min-768x444.jpg 768w, https:\/\/tvtecjundiai.com.br\/news\/wp-content\/uploads\/sites\/2\/2020\/05\/assai-emprego-min.jpg 865w\" sizes=\"auto, (max-width: 496px) 100vw, 496px\" \/><\/a><p id=\"caption-attachment-55177\" class=\"wp-caption-text\">H\u00e1 vagas para diferentes setores e n\u00edveis de escolaridade.<\/p><\/div>\n<p>O Assa\u00ed Atacadista abriu mais de 300 vagas de emprego para Jundia\u00ed e regi\u00e3o em diferentes setores e n\u00edveis de escolaridade.<\/p>\n<p>Os interessados devem cadastrar o curr\u00edculo no Portal da Empregabilidade da Prefeitura de Jundia\u00ed que aproxima empresas, empreendedores e candidatos a uma vaga de emprego, al\u00e9m de oferecer cursos e capacita\u00e7\u00f5es relacionadas ao mercado de trabalho.<\/p>\n<p>Para ter acesso as vagas, <a href=\"https:\/\/web.jundiai.sp.gov.br\/PMJ\/emprega\/Vaga#\">clique aqui.<\/a> A contrata\u00e7\u00e3o ir\u00e1 compor a equipe de funcion\u00e1rios na nova unidade que ficar\u00e1 localizada no antigo Extra da Avenida Uni\u00e3o dos Ferrovi\u00e1rios.<\/p>\n<p><em>(Fonte: Reprodu\u00e7\u00e3o)<\/em><\/p>\n","protected":false},"excerpt":{"rendered":"<p>Curr\u00edculos devem ser cadastrados no Portal da Empregabilidade<\/p>\n","protected":false},"author":13,"featured_media":55177,"comment_status":"closed","ping_status":"closed","sticky":false,"template":"","format":"standard","meta":{"footnotes":""},"categories":[2834,29,5038,1],"tags":[7056,7022,110],"class_list":["post-55170","post","type-post","status-publish","format-standard","has-post-thumbnail","hentry","category-cidades","category-destaque","category-emprego","category-noticias","tag-assai-atacadista","tag-portal-da-empregabilidade-de-jundiai","tag-vagas"],"_links":{"self":[{"href":"https:\/\/tvtecjundiai.com.br\/news\/wp-json\/wp\/v2\/posts\/55170","targetHints":{"allow":["GET"]}}],"collection":[{"href":"https:\/\/tvtecjundiai.com.br\/news\/wp-json\/wp\/v2\/posts"}],"about":[{"href":"https:\/\/tvtecjundiai.com.br\/news\/wp-json\/wp\/v2\/types\/post"}],"author":[{"embeddable":true,"href":"https:\/\/tvtecjundiai.com.br\/news\/wp-json\/wp\/v2\/users\/13"}],"replies":[{"embeddable":true,"href":"https:\/\/tvtecjundiai.com.br\/news\/wp-json\/wp\/v2\/comments?post=55170"}],"version-history":[{"count":3,"href":"https:\/\/tvtecjundiai.com.br\/news\/wp-json\/wp\/v2\/posts\/55170\/revisions"}],"predecessor-version":[{"id":55370,"href":"https:\/\/tvtecjundiai.com.br\/news\/wp-json\/wp\/v2\/posts\/55170\/revisions\/55370"}],"wp:featuredmedia":[{"embeddable":true,"href":"https:\/\/tvtecjundiai.com.br\/news\/wp-json\/wp\/v2\/media\/55177"}],"wp:attachment":[{"href":"https:\/\/tvtecjundiai.com.br\/news\/wp-json\/wp\/v2\/media?parent=55170"}],"wp:term":[{"taxonomy":"category","embeddable":true,"href":"https:\/\/tvtecjundiai.com.br\/news\/wp-json\/wp\/v2\/categories?post=55170"},{"taxonomy":"post_tag","embeddable":true,"href":"https:\/\/tvtecjundiai.com.br\/news\/wp-json\/wp\/v2\/tags?post=55170"}],"curies":[{"name":"wp","href":"https:\/\/api.w.org\/{rel}","templated":true}]}}