{"id":55508,"date":"2020-05-19T11:15:15","date_gmt":"2020-05-19T14:15:15","guid":{"rendered":"https:\/\/tvtecjundiai.com.br\/news\/?p=55508"},"modified":"2020-05-19T11:16:56","modified_gmt":"2020-05-19T14:16:56","slug":"mais-de-100-mil-brasileiros-ja-estao-recuperados-da-covid-19","status":"publish","type":"post","link":"https:\/\/tvtecjundiai.com.br\/news\/2020\/05\/19\/mais-de-100-mil-brasileiros-ja-estao-recuperados-da-covid-19\/","title":{"rendered":"Mais de 100 mil brasileiros j\u00e1 est\u00e3o recuperados da Covid-19"},"content":{"rendered":"<div id=\"attachment_55509\" style=\"width: 414px\" class=\"wp-caption alignright\"><a href=\"https:\/\/tvtecjundiai.com.br\/news\/wp-content\/uploads\/sites\/2\/2020\/05\/coronavirus-brasil-25032020144643645.jpeg\"><img loading=\"lazy\" decoding=\"async\" aria-describedby=\"caption-attachment-55509\" class=\"wp-image-55509\" src=\"https:\/\/tvtecjundiai.com.br\/news\/wp-content\/uploads\/sites\/2\/2020\/05\/coronavirus-brasil-25032020144643645-300x199.jpeg\" alt=\"\" width=\"404\" height=\"268\" srcset=\"https:\/\/tvtecjundiai.com.br\/news\/wp-content\/uploads\/sites\/2\/2020\/05\/coronavirus-brasil-25032020144643645-300x199.jpeg 300w, https:\/\/tvtecjundiai.com.br\/news\/wp-content\/uploads\/sites\/2\/2020\/05\/coronavirus-brasil-25032020144643645.jpeg 460w\" sizes=\"auto, (max-width: 404px) 100vw, 404px\" \/><\/a><p id=\"caption-attachment-55509\" class=\"wp-caption-text\">N\u00famero representa 39,5% do total de casos registrados<\/p><\/div>\n<p>O Brasil ultrapassou a marca de 100.459 pessoas recuperadas da Covid-19 nesta segunda-feira (18), o que representa 39,5% do total de casos confirmados at\u00e9 o momento. As informa\u00e7\u00f5es foram atualizadas at\u00e9 as 19h e repassadas pela pelas Secretarias Estaduais de Sa\u00fade de todo o Brasil.<\/p>\n<p>Desde o dia 26 de fevereiro, quando o primeiro caso foi confirmado no pa\u00eds, o Governo do Brasil adotou uma s\u00e9rie de medidas, junto a estados e munic\u00edpios, para garantir a estrutura necess\u00e1ria ao atendimento dos pacientes com a doen\u00e7a. Desde ent\u00e3o, o Minist\u00e9rio da Sa\u00fade n\u00e3o tem medido esfor\u00e7os para adquirir e distribuir Equipamentos de Prote\u00e7\u00e3o Individual (EPIs), recursos humanos e financeiros, respiradores e insumos. Entre abril e maio, tamb\u00e9m foram habilitados mais de tr\u00eas mil de UTI voltados exclusivamente para o atendimento de pacientes graves ou grav\u00edssimos do coronav\u00edrus.<\/p>\n<p>Atualmente, a doen\u00e7a circula em pouco mais da metade dos munic\u00edpios brasileiros, mas a maior parte n\u00e3o registra nenhum \u00f3bito.<\/p>\n<p><em>(Fonte: Minist\u00e9rio da Sa\u00fade\/Foto: Estad\u00e3o Conte\u00fado)<\/em><\/p>\n","protected":false},"excerpt":{"rendered":"<p>N\u00famero representa 39,5% do total de casos registrados <\/p>\n","protected":false},"author":13,"featured_media":55509,"comment_status":"closed","ping_status":"closed","sticky":false,"template":"","format":"standard","meta":{"footnotes":""},"categories":[29,1,2839],"tags":[1903,6242,6771],"class_list":["post-55508","post","type-post","status-publish","format-standard","has-post-thumbnail","hentry","category-destaque","category-noticias","category-saude","tag-brasil","tag-coronavirus","tag-recuperados"],"_links":{"self":[{"href":"https:\/\/tvtecjundiai.com.br\/news\/wp-json\/wp\/v2\/posts\/55508","targetHints":{"allow":["GET"]}}],"collection":[{"href":"https:\/\/tvtecjundiai.com.br\/news\/wp-json\/wp\/v2\/posts"}],"about":[{"href":"https:\/\/tvtecjundiai.com.br\/news\/wp-json\/wp\/v2\/types\/post"}],"author":[{"embeddable":true,"href":"https:\/\/tvtecjundiai.com.br\/news\/wp-json\/wp\/v2\/users\/13"}],"replies":[{"embeddable":true,"href":"https:\/\/tvtecjundiai.com.br\/news\/wp-json\/wp\/v2\/comments?post=55508"}],"version-history":[{"count":3,"href":"https:\/\/tvtecjundiai.com.br\/news\/wp-json\/wp\/v2\/posts\/55508\/revisions"}],"predecessor-version":[{"id":55512,"href":"https:\/\/tvtecjundiai.com.br\/news\/wp-json\/wp\/v2\/posts\/55508\/revisions\/55512"}],"wp:featuredmedia":[{"embeddable":true,"href":"https:\/\/tvtecjundiai.com.br\/news\/wp-json\/wp\/v2\/media\/55509"}],"wp:attachment":[{"href":"https:\/\/tvtecjundiai.com.br\/news\/wp-json\/wp\/v2\/media?parent=55508"}],"wp:term":[{"taxonomy":"category","embeddable":true,"href":"https:\/\/tvtecjundiai.com.br\/news\/wp-json\/wp\/v2\/categories?post=55508"},{"taxonomy":"post_tag","embeddable":true,"href":"https:\/\/tvtecjundiai.com.br\/news\/wp-json\/wp\/v2\/tags?post=55508"}],"curies":[{"name":"wp","href":"https:\/\/api.w.org\/{rel}","templated":true}]}}