{"id":55737,"date":"2020-05-20T18:36:11","date_gmt":"2020-05-20T21:36:11","guid":{"rendered":"https:\/\/tvtecjundiai.com.br\/news\/?p=55737"},"modified":"2020-05-20T18:36:11","modified_gmt":"2020-05-20T21:36:11","slug":"linhas-que-atendem-o-sao-camilo-terao-alteracao","status":"publish","type":"post","link":"https:\/\/tvtecjundiai.com.br\/news\/2020\/05\/20\/linhas-que-atendem-o-sao-camilo-terao-alteracao\/","title":{"rendered":"Linhas que atendem o S\u00e3o Camilo ter\u00e3o altera\u00e7\u00e3o"},"content":{"rendered":"<p>A Unidade de Gest\u00e3o de Mobilidade e Transporte (UGMT) informa que a partir da pr\u00f3xima segunda-feira, dia 25, ser\u00e3o realizadas altera\u00e7\u00f5es no atendimento de duas linhas do transporte p\u00fablico que atendem a regi\u00e3o do Jardim S\u00e3o Camilo.<\/p>\n<p>A novidade \u00e9 a circula\u00e7\u00e3o de \u00f4nibus pela rua nova do bairro (ainda sem nome). A linha 720 (Terminal Central \u2013 S\u00e3o Camilo) passar\u00e1 a circular pela nova via no sentido da Av. Angelo Rivelli para a Rua Pedro Ravanhani e ter\u00e1 dois pontos de parada. A linha passar\u00e1 a atender tamb\u00e9m o Parque S\u00e3o Luiz em todas as viagens, a pedido de moradores, e a mudan\u00e7a ir\u00e1 facilitar tamb\u00e9m o acesso \u00e0 UBS do Jundia\u00ed Mirim inaugurada no dia 18\/05.<\/p>\n<div id=\"attachment_55738\" style=\"width: 460px\" class=\"wp-caption alignright\"><img loading=\"lazy\" decoding=\"async\" aria-describedby=\"caption-attachment-55738\" class=\"wp-image-55738\" src=\"https:\/\/tvtecjundiai.com.br\/news\/wp-content\/uploads\/sites\/2\/2020\/05\/terminal-vila-arens-29-1280x850-300x199.jpg\" alt=\"\" width=\"450\" height=\"298\" srcset=\"https:\/\/tvtecjundiai.com.br\/news\/wp-content\/uploads\/sites\/2\/2020\/05\/terminal-vila-arens-29-1280x850-300x199.jpg 300w, https:\/\/tvtecjundiai.com.br\/news\/wp-content\/uploads\/sites\/2\/2020\/05\/terminal-vila-arens-29-1280x850-768x510.jpg 768w, https:\/\/tvtecjundiai.com.br\/news\/wp-content\/uploads\/sites\/2\/2020\/05\/terminal-vila-arens-29-1280x850-1200x797.jpg 1200w, https:\/\/tvtecjundiai.com.br\/news\/wp-content\/uploads\/sites\/2\/2020\/05\/terminal-vila-arens-29-1280x850.jpg 1280w\" sizes=\"auto, (max-width: 450px) 100vw, 450px\" \/><p id=\"caption-attachment-55738\" class=\"wp-caption-text\">Na pr\u00f3xima semana, entra em vigor a mudan\u00e7a na linha 715, que liga o Terminal Vila Arens ao Terminal Col\u00f4nia via Jardim S\u00e3o Camilo<\/p><\/div>\n<p>Durante o per\u00edodo de restri\u00e7\u00e3o de mobilidade a oferta de viagens ser\u00e1 mantida: 43 partidas do Terminal Central com intervalos de 25 minutos. Os hor\u00e1rios nos dias \u00fateis e s\u00e1bados seguem conforme programa\u00e7\u00e3o de domingos e feriados.<\/p>\n<p><strong>Linha 715<\/strong><\/p>\n<p>Na pr\u00f3xima semana tamb\u00e9m entra em vigor a mudan\u00e7a na linha 715, que liga o Terminal Vila Arens ao Terminal Col\u00f4nia via Jardim S\u00e3o Camilo.<\/p>\n<p>A linha passar\u00e1 a atender o Jardim S\u00e3o Marcus em todas as viagens, em ambos os sentidos, o que permitir\u00e1 regularizar o intervalo entre as viagens ao longo de todo o trajeto. As viagens com legenda A ter\u00e3o como destino o Terminal Col\u00f4nia e com legenda B o Terminal Vila Arens.<\/p>\n<p>O intervalo da linha, que \u00e9 de 25 minutos, passar\u00e1 a ser de 27 a 30 minutos, sendo que os usu\u00e1rios do Jardim S\u00e3o Marcus, que s\u00e3o atualmente atendidos a cada 50 minutos, ser\u00e3o melhor atendidos devido \u00e0 redu\u00e7\u00e3o de intervalo e aumento da oferta de viagens (de 21 para 39 no sentido Terminal Col\u00f4nia e de 21 para 37 no Terminal Vila Arens).<\/p>\n<p>A nova tabela com hor\u00e1rios de domingos e feriados ser\u00e1 operada nos dias \u00fateis e finais de semana durante o per\u00edodo de restri\u00e7\u00e3o de mobilidade devido \u00e0 COVID-19, por\u00e9m as mudan\u00e7as relacionadas \u00e0 unifica\u00e7\u00e3o de atendimentos permanecer\u00e1 ap\u00f3s o t\u00e9rmino deste per\u00edodo.<\/p>\n<p>A UGMT informa que os hor\u00e1rios estar\u00e3o dispon\u00edveis no site da Prefeitura de Jundia\u00ed (https:\/\/situ.jundiai.sp.gov.br\/) e nos terminais Central, Vila Arens e Col\u00f4nia.<\/p>\n","protected":false},"excerpt":{"rendered":"<p>As mudan\u00e7as foram realizadas com crit\u00e9rios t\u00e9cnicos e atendem demanda dos moradores<\/p>\n","protected":false},"author":8,"featured_media":55738,"comment_status":"closed","ping_status":"closed","sticky":false,"template":"","format":"standard","meta":{"footnotes":""},"categories":[2834,5697,1],"tags":[7123,7122,1844],"class_list":["post-55737","post","type-post","status-publish","format-standard","has-post-thumbnail","hentry","category-cidades","category-mobilidade-noticias","category-noticias","tag-linha-715","tag-linha-720","tag-sao-camilo"],"_links":{"self":[{"href":"https:\/\/tvtecjundiai.com.br\/news\/wp-json\/wp\/v2\/posts\/55737","targetHints":{"allow":["GET"]}}],"collection":[{"href":"https:\/\/tvtecjundiai.com.br\/news\/wp-json\/wp\/v2\/posts"}],"about":[{"href":"https:\/\/tvtecjundiai.com.br\/news\/wp-json\/wp\/v2\/types\/post"}],"author":[{"embeddable":true,"href":"https:\/\/tvtecjundiai.com.br\/news\/wp-json\/wp\/v2\/users\/8"}],"replies":[{"embeddable":true,"href":"https:\/\/tvtecjundiai.com.br\/news\/wp-json\/wp\/v2\/comments?post=55737"}],"version-history":[{"count":1,"href":"https:\/\/tvtecjundiai.com.br\/news\/wp-json\/wp\/v2\/posts\/55737\/revisions"}],"predecessor-version":[{"id":55739,"href":"https:\/\/tvtecjundiai.com.br\/news\/wp-json\/wp\/v2\/posts\/55737\/revisions\/55739"}],"wp:featuredmedia":[{"embeddable":true,"href":"https:\/\/tvtecjundiai.com.br\/news\/wp-json\/wp\/v2\/media\/55738"}],"wp:attachment":[{"href":"https:\/\/tvtecjundiai.com.br\/news\/wp-json\/wp\/v2\/media?parent=55737"}],"wp:term":[{"taxonomy":"category","embeddable":true,"href":"https:\/\/tvtecjundiai.com.br\/news\/wp-json\/wp\/v2\/categories?post=55737"},{"taxonomy":"post_tag","embeddable":true,"href":"https:\/\/tvtecjundiai.com.br\/news\/wp-json\/wp\/v2\/tags?post=55737"}],"curies":[{"name":"wp","href":"https:\/\/api.w.org\/{rel}","templated":true}]}}