{"id":55813,"date":"2020-05-21T13:49:35","date_gmt":"2020-05-21T16:49:35","guid":{"rendered":"https:\/\/tvtecjundiai.com.br\/news\/?p=55813"},"modified":"2020-05-21T14:34:01","modified_gmt":"2020-05-21T17:34:01","slug":"nasa-confirma-que-o-sol-esta-se-apagando","status":"publish","type":"post","link":"https:\/\/tvtecjundiai.com.br\/news\/2020\/05\/21\/nasa-confirma-que-o-sol-esta-se-apagando\/","title":{"rendered":"Nasa confirma que o Sol est\u00e1 se \u201capagando\u201d"},"content":{"rendered":"<div id=\"attachment_55814\" style=\"width: 448px\" class=\"wp-caption alignright\"><img loading=\"lazy\" decoding=\"async\" aria-describedby=\"caption-attachment-55814\" class=\"wp-image-55814 \" src=\"https:\/\/tvtecjundiai.com.br\/news\/wp-content\/uploads\/sites\/2\/2020\/05\/solsalva-300x169.jpg\" alt=\"\" width=\"438\" height=\"247\" srcset=\"https:\/\/tvtecjundiai.com.br\/news\/wp-content\/uploads\/sites\/2\/2020\/05\/solsalva-300x169.jpg 300w, https:\/\/tvtecjundiai.com.br\/news\/wp-content\/uploads\/sites\/2\/2020\/05\/solsalva-768x432.jpg 768w, https:\/\/tvtecjundiai.com.br\/news\/wp-content\/uploads\/sites\/2\/2020\/05\/solsalva-1200x675.jpg 1200w, https:\/\/tvtecjundiai.com.br\/news\/wp-content\/uploads\/sites\/2\/2020\/05\/solsalva.jpg 1280w\" sizes=\"auto, (max-width: 438px) 100vw, 438px\" \/><p id=\"caption-attachment-55814\" class=\"wp-caption-text\">A \u00faltima vez que algo assim ocorreu foi entre 1650 e 1715<\/p><\/div>\n<p>Alguns dias atr\u00e1s, o\u00a0astr\u00f4nomo Tony Phillips\u00a0apresentou a teoria de que o sol est\u00e1 se apagando e que deve gerar efeitos muito fortes para a Terra.<\/p>\n<p>Falou-se at\u00e9 de retornar de um per\u00edodo muito semelhante ao &#8220;Dalton Minimum&#8221;, quando o planeta perdeu dois graus m\u00e9dios entre 1790 e 1830, causando s\u00e9rios danos \u00e0 agricultura.<\/p>\n<p>No jornal The Sun, foi levantado que o Sol est\u00e1 entrando em um novo est\u00e1gio de recess\u00e3o, at\u00e9 mesmo a possibilidade de um est\u00e1gio de temperaturas muito baixas. Tal agita\u00e7\u00e3o causou os coment\u00e1rios de Phillips e a NASA confirmou a teoria apresentada pelo astr\u00f4nomo.<\/p>\n<p>Em seu blog &#8220;Ask Nasa Climate&#8221;, a ag\u00eancia explicou que o Sol passa por mudan\u00e7as naturais em sua produ\u00e7\u00e3o de energia, dependendo da quantidade de manchas solares que a estrela mostra. Geralmente, eles s\u00e3o a cada 11 anos.<\/p>\n<p>A NASA confirma que o Sol est\u00e1 entrando em um per\u00edodo mais silencioso, pois possui menos pontos e emite menos energia. Isso \u00e9 conhecido como &#8220;Grande M\u00ednimo Solar&#8221;.<\/p>\n<p>A \u00faltima vez que algo assim ocorreu foi entre 1650 e 1715, um per\u00edodo conhecido como &#8220;Pequena Era do Gelo&#8221; no hemisf\u00e9rio norte.<\/p>\n<p>Nesta linha, se um &#8220;Grande M\u00ednimo Solar&#8221; for iniciado, o impacto ser\u00e1 menor, dado o fen\u00f4meno do aquecimento global que a Terra est\u00e1 experimentando.<\/p>\n<p><em>(Fonte: Metro Jornal\/Foto: Nasa)<\/em><\/p>\n<p>&nbsp;<\/p>\n","protected":false},"excerpt":{"rendered":"<p>Nasa confirma que o Sol est\u00e1 se \u201capagando\u201d, mas descarta nova era do gelo na terra<\/p>\n","protected":false},"author":18,"featured_media":55814,"comment_status":"closed","ping_status":"closed","sticky":false,"template":"","format":"standard","meta":{"footnotes":""},"categories":[1],"tags":[7130,2200,7129,7131],"class_list":["post-55813","post","type-post","status-publish","format-standard","has-post-thumbnail","hentry","category-noticias","tag-era-do-gelo","tag-nasa","tag-sol","tag-teoria"],"_links":{"self":[{"href":"https:\/\/tvtecjundiai.com.br\/news\/wp-json\/wp\/v2\/posts\/55813","targetHints":{"allow":["GET"]}}],"collection":[{"href":"https:\/\/tvtecjundiai.com.br\/news\/wp-json\/wp\/v2\/posts"}],"about":[{"href":"https:\/\/tvtecjundiai.com.br\/news\/wp-json\/wp\/v2\/types\/post"}],"author":[{"embeddable":true,"href":"https:\/\/tvtecjundiai.com.br\/news\/wp-json\/wp\/v2\/users\/18"}],"replies":[{"embeddable":true,"href":"https:\/\/tvtecjundiai.com.br\/news\/wp-json\/wp\/v2\/comments?post=55813"}],"version-history":[{"count":2,"href":"https:\/\/tvtecjundiai.com.br\/news\/wp-json\/wp\/v2\/posts\/55813\/revisions"}],"predecessor-version":[{"id":55822,"href":"https:\/\/tvtecjundiai.com.br\/news\/wp-json\/wp\/v2\/posts\/55813\/revisions\/55822"}],"wp:featuredmedia":[{"embeddable":true,"href":"https:\/\/tvtecjundiai.com.br\/news\/wp-json\/wp\/v2\/media\/55814"}],"wp:attachment":[{"href":"https:\/\/tvtecjundiai.com.br\/news\/wp-json\/wp\/v2\/media?parent=55813"}],"wp:term":[{"taxonomy":"category","embeddable":true,"href":"https:\/\/tvtecjundiai.com.br\/news\/wp-json\/wp\/v2\/categories?post=55813"},{"taxonomy":"post_tag","embeddable":true,"href":"https:\/\/tvtecjundiai.com.br\/news\/wp-json\/wp\/v2\/tags?post=55813"}],"curies":[{"name":"wp","href":"https:\/\/api.w.org\/{rel}","templated":true}]}}