{"id":56005,"date":"2020-05-22T16:17:15","date_gmt":"2020-05-22T19:17:15","guid":{"rendered":"https:\/\/tvtecjundiai.com.br\/news\/?p=56005"},"modified":"2020-05-22T16:28:52","modified_gmt":"2020-05-22T19:28:52","slug":"novo-coronavirus-medico-reforca-medidas-de-protecao-individual","status":"publish","type":"post","link":"https:\/\/tvtecjundiai.com.br\/news\/2020\/05\/22\/novo-coronavirus-medico-reforca-medidas-de-protecao-individual\/","title":{"rendered":"M\u00e9dico refor\u00e7a import\u00e2ncia de prote\u00e7\u00e3o individual contra Covid-19"},"content":{"rendered":"<p><span style=\"font-weight: 400;\">O m\u00e9dico pneumologista, Danilo Fernandes Costa Duarte, refor\u00e7ou a import\u00e2ncia das medidas de prote\u00e7\u00e3o individual contra o Novo Coronav\u00edrus. O m\u00e9dico tamb\u00e9m respondeu \u00e0s perguntas da popula\u00e7\u00e3o, na segunda edi\u00e7\u00e3o do <\/span><b>Boletim TVTEC<\/b><span style=\"font-weight: 400;\">, desta sexta-feira (22), ao vivo pelas redes sociais e pelo canal 24 da NET, \u00e0s 15h.\u00a0<\/span><\/p>\n<p><span style=\"font-weight: 400;\">O n\u00famero de casos positivos em Jundia\u00ed est\u00e1 crescendo a cada dia. O doutor Danilo comentou que a situa\u00e7\u00e3o enfrentada \u00e9 uma consequ\u00eancia dos maus h\u00e1bitos que a pessoas ainda possuem. \u201cInfelizmente n\u00f3s n\u00e3o estamos tendo o apoio da popula\u00e7\u00e3o, pois s\u00e3o muitas pessoas nas ruas e sem cumprir o decreto do uso da m\u00e1scara\u201d, avaliou.\u00a0<\/span><\/p>\n<p><span style=\"font-weight: 400;\">A lavagem correta das m\u00e3os, o uso da m\u00e1scara e as medidas de isolamento ainda s\u00e3o essenciais. A rotina hospitalar tamb\u00e9m foi relatada pelo pneumologista. \u201cEst\u00e1 cada vez mais dif\u00edcil, pois infelizmente o n\u00famero de casos graves tem aumentado significamente, com pacientes de diferentes idades\u201d, concluiu.\u00a0<\/span><\/p>\n<p><b>ASSISTA A \u00cdNTEGRA DA 2\u00aa EDI\u00c7\u00c3O DO BOLETIM TVTEC DE 22 DE MAIO DE 2020<\/b><\/p>\n<p><iframe loading=\"lazy\" title=\"BOLETIM TVTEC #127 - CORONAV\u00cdRUS\" width=\"500\" height=\"281\" src=\"https:\/\/www.youtube.com\/embed\/q4ZhOWcv-54?feature=oembed\" frameborder=\"0\" allow=\"accelerometer; autoplay; clipboard-write; encrypted-media; gyroscope; picture-in-picture; web-share\" referrerpolicy=\"strict-origin-when-cross-origin\" allowfullscreen><\/iframe><\/p>\n<p>(Foto: Pixabay)<\/p>\n","protected":false},"excerpt":{"rendered":"<p>Para ele, aumento de casos positivos \u00e9 consequ\u00eancia de maus h\u00e1bitos<\/p>\n","protected":false},"author":18,"featured_media":56008,"comment_status":"closed","ping_status":"closed","sticky":false,"template":"","format":"standard","meta":{"footnotes":""},"categories":[1,2839],"tags":[6484,6692,6749,6342],"class_list":["post-56005","post","type-post","status-publish","format-standard","has-post-thumbnail","hentry","category-noticias","category-saude","tag-boletim-tvtec","tag-isolamento","tag-mascara","tag-novo-coronavirus"],"_links":{"self":[{"href":"https:\/\/tvtecjundiai.com.br\/news\/wp-json\/wp\/v2\/posts\/56005","targetHints":{"allow":["GET"]}}],"collection":[{"href":"https:\/\/tvtecjundiai.com.br\/news\/wp-json\/wp\/v2\/posts"}],"about":[{"href":"https:\/\/tvtecjundiai.com.br\/news\/wp-json\/wp\/v2\/types\/post"}],"author":[{"embeddable":true,"href":"https:\/\/tvtecjundiai.com.br\/news\/wp-json\/wp\/v2\/users\/18"}],"replies":[{"embeddable":true,"href":"https:\/\/tvtecjundiai.com.br\/news\/wp-json\/wp\/v2\/comments?post=56005"}],"version-history":[{"count":3,"href":"https:\/\/tvtecjundiai.com.br\/news\/wp-json\/wp\/v2\/posts\/56005\/revisions"}],"predecessor-version":[{"id":56015,"href":"https:\/\/tvtecjundiai.com.br\/news\/wp-json\/wp\/v2\/posts\/56005\/revisions\/56015"}],"wp:featuredmedia":[{"embeddable":true,"href":"https:\/\/tvtecjundiai.com.br\/news\/wp-json\/wp\/v2\/media\/56008"}],"wp:attachment":[{"href":"https:\/\/tvtecjundiai.com.br\/news\/wp-json\/wp\/v2\/media?parent=56005"}],"wp:term":[{"taxonomy":"category","embeddable":true,"href":"https:\/\/tvtecjundiai.com.br\/news\/wp-json\/wp\/v2\/categories?post=56005"},{"taxonomy":"post_tag","embeddable":true,"href":"https:\/\/tvtecjundiai.com.br\/news\/wp-json\/wp\/v2\/tags?post=56005"}],"curies":[{"name":"wp","href":"https:\/\/api.w.org\/{rel}","templated":true}]}}