{"id":5635,"date":"2018-01-24T18:07:45","date_gmt":"2018-01-24T20:07:45","guid":{"rendered":"https:\/\/tvtecjundiai.com.br\/news\/?p=5635"},"modified":"2018-01-26T17:33:48","modified_gmt":"2018-01-26T19:33:48","slug":"cidades-parque-da-cidade-celebra-janeiro-branco","status":"publish","type":"post","link":"https:\/\/tvtecjundiai.com.br\/news\/2018\/01\/24\/cidades-parque-da-cidade-celebra-janeiro-branco\/","title":{"rendered":"Cidades: Parque da Cidade celebra &#8216;Janeiro Branco&#8217; com programa\u00e7\u00e3o"},"content":{"rendered":"<p>Refletir sobre o sentido da vida, a qualidade dos nossos relacionamentos, emo\u00e7\u00f5es e comportamentos: este \u00e9 o objetivo da campanha \u201cJaneiro Branco\u201d. Em comemora\u00e7\u00e3o ao m\u00eas, os grupos Janeiro Branco Jundia\u00ed e Despertalha\u00e7os realizam, no pr\u00f3ximo domingo (28), um evento no Parque da Cidade, das 7 \u00e0s 17 horas. A entrada \u00e9 gratuita.<\/p>\n<p>O evento vai come\u00e7ar com uma corrida, logo \u00e0s 7 horas, com concentra\u00e7\u00e3o no Jardim Japon\u00eas. Depois, na programa\u00e7\u00e3o, haver\u00e1 aulas de yoga e zumba. Das 11 \u00e0s 17 horas, v\u00e3o ocorrer a exposi\u00e7\u00e3o de fotos Intimidade Amarela \u2013 Vozes que calam (a\u00e7\u00e3o de preven\u00e7\u00e3o ao suic\u00eddio) e uma roda de conversa com psic\u00f3logos.<\/p>\n<p><a href=\"https:\/\/tvtecjundiai.com.br\/news\/wp-content\/uploads\/sites\/2\/2018\/01\/parque_cidade_.jpg\"><img loading=\"lazy\" decoding=\"async\" class=\"wp-image-5636 alignright\" src=\"https:\/\/tvtecjundiai.com.br\/news\/wp-content\/uploads\/sites\/2\/2018\/01\/parque_cidade_-300x200.jpg\" alt=\"\" width=\"410\" height=\"273\" srcset=\"https:\/\/tvtecjundiai.com.br\/news\/wp-content\/uploads\/sites\/2\/2018\/01\/parque_cidade_-300x200.jpg 300w, https:\/\/tvtecjundiai.com.br\/news\/wp-content\/uploads\/sites\/2\/2018\/01\/parque_cidade_-768x512.jpg 768w, https:\/\/tvtecjundiai.com.br\/news\/wp-content\/uploads\/sites\/2\/2018\/01\/parque_cidade_-1200x800.jpg 1200w, https:\/\/tvtecjundiai.com.br\/news\/wp-content\/uploads\/sites\/2\/2018\/01\/parque_cidade_.jpg 1240w\" sizes=\"auto, (max-width: 410px) 100vw, 410px\" \/><\/a><\/p>\n<p><strong>LEIA TAMB\u00c9M<\/strong><br \/>\n<a href=\"https:\/\/www.jundiai.sp.gov.br\/noticias\/2017\/12\/20\/em-janeiro-peama-tem-aluguel-diario-de-bicicletas\/\" target=\"_blank\" rel=\"noopener\">Em janeiro, Peama tem aluguel di\u00e1rio de bicicletas<\/a><\/p>\n<p>A partir das 13h, haver\u00e1 uma aula de dan\u00e7a circular e, \u00e0s 15 horas, a medita\u00e7\u00e3o. \u00c0s 16 horas, ocorre uma nova aula de yoga. Al\u00e9m disso, durante toda a manh\u00e3, haver\u00e1 aferi\u00e7\u00e3o de press\u00e3o e orienta\u00e7\u00e3o de sa\u00fade.<\/p>\n<p>\u201cA campanha Janeiro Branco \u00e9 nova, mas merece aten\u00e7\u00e3o, pois objetiva mobilizar a sociedade em favor da sa\u00fade mental, convidando as pessoas a refletirem sobre o sentido e o prop\u00f3sito de suas vidas, mudando a compreens\u00e3o sobre a sa\u00fade mental\u201d, afirma Karina Ara\u00fajo, coordenadora volunt\u00e1ria do Despertalha\u00e7os, realizadora do projeto Intimidade Amarela e uma das organizadoras do Janeiro Branco em Jundia\u00ed.<\/p>\n<p>O evento tem o apoio da Prefeitura de Jundia\u00ed e da DAE. N\u00e3o \u00e9 necess\u00e1rio se inscrever. Quem quiser participar, est\u00e1 convidado a usar uma camiseta branca, em apoio \u00e0 campanha. Para as aulas no ch\u00e3o, \u00e9 recomendado tamb\u00e9m levar um tapetinho ou toalha. \u00a0O Parque da Cidade est\u00e1 localizado na rodovia Jo\u00e3o Cereser, km 66, e funciona diariamente a partir das 6h30.<\/p>\n<p><em>(Fonte: Prefeitura de Jundia\u00ed)<\/em><\/p>\n","protected":false},"excerpt":{"rendered":"<p>V\u00e1rios eventos ser\u00e3o realizados no Parque da Cidade, no domingo (28)<\/p>\n","protected":false},"author":8,"featured_media":5636,"comment_status":"closed","ping_status":"closed","sticky":false,"template":"","format":"standard","meta":{"footnotes":""},"categories":[1],"tags":[2132,5,623],"class_list":["post-5635","post","type-post","status-publish","format-standard","has-post-thumbnail","hentry","category-noticias","tag-janeiro-branco","tag-jundiai","tag-parque-da-cidade"],"_links":{"self":[{"href":"https:\/\/tvtecjundiai.com.br\/news\/wp-json\/wp\/v2\/posts\/5635","targetHints":{"allow":["GET"]}}],"collection":[{"href":"https:\/\/tvtecjundiai.com.br\/news\/wp-json\/wp\/v2\/posts"}],"about":[{"href":"https:\/\/tvtecjundiai.com.br\/news\/wp-json\/wp\/v2\/types\/post"}],"author":[{"embeddable":true,"href":"https:\/\/tvtecjundiai.com.br\/news\/wp-json\/wp\/v2\/users\/8"}],"replies":[{"embeddable":true,"href":"https:\/\/tvtecjundiai.com.br\/news\/wp-json\/wp\/v2\/comments?post=5635"}],"version-history":[{"count":3,"href":"https:\/\/tvtecjundiai.com.br\/news\/wp-json\/wp\/v2\/posts\/5635\/revisions"}],"predecessor-version":[{"id":5740,"href":"https:\/\/tvtecjundiai.com.br\/news\/wp-json\/wp\/v2\/posts\/5635\/revisions\/5740"}],"wp:featuredmedia":[{"embeddable":true,"href":"https:\/\/tvtecjundiai.com.br\/news\/wp-json\/wp\/v2\/media\/5636"}],"wp:attachment":[{"href":"https:\/\/tvtecjundiai.com.br\/news\/wp-json\/wp\/v2\/media?parent=5635"}],"wp:term":[{"taxonomy":"category","embeddable":true,"href":"https:\/\/tvtecjundiai.com.br\/news\/wp-json\/wp\/v2\/categories?post=5635"},{"taxonomy":"post_tag","embeddable":true,"href":"https:\/\/tvtecjundiai.com.br\/news\/wp-json\/wp\/v2\/tags?post=5635"}],"curies":[{"name":"wp","href":"https:\/\/api.w.org\/{rel}","templated":true}]}}