{"id":56500,"date":"2020-05-28T18:16:37","date_gmt":"2020-05-28T21:16:37","guid":{"rendered":"https:\/\/tvtecjundiai.com.br\/news\/?p=56500"},"modified":"2020-05-28T18:16:37","modified_gmt":"2020-05-28T21:16:37","slug":"frio-deve-diminuir-um-pouco-em-jundiai-nesta-sexta-feira-29","status":"publish","type":"post","link":"https:\/\/tvtecjundiai.com.br\/news\/2020\/05\/28\/frio-deve-diminuir-um-pouco-em-jundiai-nesta-sexta-feira-29\/","title":{"rendered":"Frio deve diminuir um pouco em Jundia\u00ed nesta sexta-feira (29)"},"content":{"rendered":"<div id=\"attachment_56510\" style=\"width: 360px\" class=\"wp-caption alignleft\"><a href=\"https:\/\/tvtecjundiai.com.br\/news\/wp-content\/uploads\/sites\/2\/2020\/05\/maquetefabiojfdhkgj.jpeg\"><img loading=\"lazy\" decoding=\"async\" aria-describedby=\"caption-attachment-56510\" class=\"wp-image-56510\" src=\"https:\/\/tvtecjundiai.com.br\/news\/wp-content\/uploads\/sites\/2\/2020\/05\/maquetefabiojfdhkgj-300x218.jpeg\" alt=\"\" width=\"350\" height=\"254\" srcset=\"https:\/\/tvtecjundiai.com.br\/news\/wp-content\/uploads\/sites\/2\/2020\/05\/maquetefabiojfdhkgj-300x218.jpeg 300w, https:\/\/tvtecjundiai.com.br\/news\/wp-content\/uploads\/sites\/2\/2020\/05\/maquetefabiojfdhkgj.jpeg 599w\" sizes=\"auto, (max-width: 350px) 100vw, 350px\" \/><\/a><p id=\"caption-attachment-56510\" class=\"wp-caption-text\">A temperatura m\u00ednima, na madrugada, ser\u00e1 de 10\u00baC<\/p><\/div>\n<p>Jundia\u00ed ter\u00e1 uma sexta-feira (29) de sol o dia todo sem nuvens no c\u00e9u. Noite de tempo aberto ainda sem nuvens. a temperatura deve subir um pouco e variar entre a m\u00ednima de 10\u00ba C \u00e0s 6 horas e e a m\u00e1xima de 24\u00ba C \u00e0s 14 horas.<\/p>\n<p>Depois a temperatura cai bruscamente at\u00e9 18 horas. E a noite ter\u00e1 temperaturas entre 14 e 15\u00ba 5\u00ba C. A umidade relativa do ar varia entre 38% e 87% &#8211; o dia deve continuar seco &#8211; e os ventos soprar\u00e3o na dire\u00e7\u00e3o nordeste a uma velocidade de 11 km\/h.<\/p>\n<p><em>(Fonte: Climatempo\/Imagem: F\u00e1bio Barros)<\/em><\/p>\n","protected":false},"excerpt":{"rendered":"<p>A temperatura m\u00ednima, na madrugada, ser\u00e1 de 10\u00baC<\/p>\n","protected":false},"author":8,"featured_media":56510,"comment_status":"closed","ping_status":"closed","sticky":false,"template":"","format":"standard","meta":{"footnotes":""},"categories":[2834,3185,29],"tags":[4904],"class_list":["post-56500","post","type-post","status-publish","format-standard","has-post-thumbnail","hentry","category-cidades","category-clima","category-destaque","tag-clima-em-jundiai"],"_links":{"self":[{"href":"https:\/\/tvtecjundiai.com.br\/news\/wp-json\/wp\/v2\/posts\/56500","targetHints":{"allow":["GET"]}}],"collection":[{"href":"https:\/\/tvtecjundiai.com.br\/news\/wp-json\/wp\/v2\/posts"}],"about":[{"href":"https:\/\/tvtecjundiai.com.br\/news\/wp-json\/wp\/v2\/types\/post"}],"author":[{"embeddable":true,"href":"https:\/\/tvtecjundiai.com.br\/news\/wp-json\/wp\/v2\/users\/8"}],"replies":[{"embeddable":true,"href":"https:\/\/tvtecjundiai.com.br\/news\/wp-json\/wp\/v2\/comments?post=56500"}],"version-history":[{"count":3,"href":"https:\/\/tvtecjundiai.com.br\/news\/wp-json\/wp\/v2\/posts\/56500\/revisions"}],"predecessor-version":[{"id":56512,"href":"https:\/\/tvtecjundiai.com.br\/news\/wp-json\/wp\/v2\/posts\/56500\/revisions\/56512"}],"wp:featuredmedia":[{"embeddable":true,"href":"https:\/\/tvtecjundiai.com.br\/news\/wp-json\/wp\/v2\/media\/56510"}],"wp:attachment":[{"href":"https:\/\/tvtecjundiai.com.br\/news\/wp-json\/wp\/v2\/media?parent=56500"}],"wp:term":[{"taxonomy":"category","embeddable":true,"href":"https:\/\/tvtecjundiai.com.br\/news\/wp-json\/wp\/v2\/categories?post=56500"},{"taxonomy":"post_tag","embeddable":true,"href":"https:\/\/tvtecjundiai.com.br\/news\/wp-json\/wp\/v2\/tags?post=56500"}],"curies":[{"name":"wp","href":"https:\/\/api.w.org\/{rel}","templated":true}]}}