{"id":56521,"date":"2020-05-29T11:39:00","date_gmt":"2020-05-29T14:39:00","guid":{"rendered":"https:\/\/tvtecjundiai.com.br\/news\/?p=56521"},"modified":"2020-05-29T17:50:04","modified_gmt":"2020-05-29T20:50:04","slug":"assai-atacadista-abre-mais-de-200-vagas-de-emprego-em-jundiai","status":"publish","type":"post","link":"https:\/\/tvtecjundiai.com.br\/news\/2020\/05\/29\/assai-atacadista-abre-mais-de-200-vagas-de-emprego-em-jundiai\/","title":{"rendered":"Assa\u00ed Atacadista abre mais de 200 vagas de emprego em Jundia\u00ed"},"content":{"rendered":"<p>O Assa\u00ed Atacadista est\u00e1 com vagas de emprego abertas para sua loja que ser\u00e1 inaugurada em Jundia\u00ed nos pr\u00f3ximos meses. Entre os cargos oferecidos est\u00e3o:<\/p>\n<div id=\"attachment_56527\" style=\"width: 410px\" class=\"wp-caption alignright\"><a href=\"https:\/\/tvtecjundiai.com.br\/news\/wp-content\/uploads\/sites\/2\/2020\/05\/WhatsApp-Image-2020-02-10-at-11.43-e1590784774123.png\"><img loading=\"lazy\" decoding=\"async\" aria-describedby=\"caption-attachment-56527\" class=\"wp-image-56527\" src=\"https:\/\/tvtecjundiai.com.br\/news\/wp-content\/uploads\/sites\/2\/2020\/05\/WhatsApp-Image-2020-02-10-at-11.43-e1590784774123-300x172.png\" alt=\"\" width=\"400\" height=\"229\" srcset=\"https:\/\/tvtecjundiai.com.br\/news\/wp-content\/uploads\/sites\/2\/2020\/05\/WhatsApp-Image-2020-02-10-at-11.43-e1590784774123-300x172.png 300w, https:\/\/tvtecjundiai.com.br\/news\/wp-content\/uploads\/sites\/2\/2020\/05\/WhatsApp-Image-2020-02-10-at-11.43-e1590784774123-768x440.png 768w, https:\/\/tvtecjundiai.com.br\/news\/wp-content\/uploads\/sites\/2\/2020\/05\/WhatsApp-Image-2020-02-10-at-11.43-e1590784774123.png 800w\" sizes=\"auto, (max-width: 400px) 100vw, 400px\" \/><\/a><p id=\"caption-attachment-56527\" class=\"wp-caption-text\">Todo o processo seletivo ser\u00e1 feito de forma online<\/p><\/div>\n<ul>\n<li>Assistentes;<\/li>\n<li>Atendentes Cafeteria e Atendente de Vendas;<\/li>\n<li>Auxiliares;<\/li>\n<li>Chefes;<\/li>\n<li>Fiscais;<\/li>\n<li>Operadores;<\/li>\n<li>Cartazistas;<\/li>\n<li>Repositores;<\/li>\n<li>E cargos t\u00e9cnicos (nutricionista, cozinheiro e auxiliar de qualidade).<\/li>\n<\/ul>\n<p>Os interessados devem se cadastrar\u00a0no site\u00a0<a href=\"https:\/\/expansaoassaijundiai.gupy.io\/\" target=\"_blank\" rel=\"noopener noreferrer\">https:\/\/expansaoassaijundiai.gupy.io\/<\/a> at\u00e9 o dia 3 de julho. Em virtude da pandemia causada pela Covid-19, todo o processo seletivo ser\u00e1 ajustado para minimizar os riscos aos envolvidos e ser\u00e1 feito de forma online.<\/p>\n<p><em>(Fonte\/Foto: Divulga\u00e7\u00e3o)<\/em><\/p>\n<p>&nbsp;<\/p>\n<p>&nbsp;<\/p>\n","protected":false},"excerpt":{"rendered":"<p>Todo o processo seletivo ser\u00e1 feito de forma online<\/p>\n","protected":false},"author":13,"featured_media":56527,"comment_status":"closed","ping_status":"closed","sticky":false,"template":"","format":"standard","meta":{"footnotes":""},"categories":[2834,5038,1],"tags":[7056,110],"class_list":["post-56521","post","type-post","status-publish","format-standard","has-post-thumbnail","hentry","category-cidades","category-emprego","category-noticias","tag-assai-atacadista","tag-vagas"],"_links":{"self":[{"href":"https:\/\/tvtecjundiai.com.br\/news\/wp-json\/wp\/v2\/posts\/56521","targetHints":{"allow":["GET"]}}],"collection":[{"href":"https:\/\/tvtecjundiai.com.br\/news\/wp-json\/wp\/v2\/posts"}],"about":[{"href":"https:\/\/tvtecjundiai.com.br\/news\/wp-json\/wp\/v2\/types\/post"}],"author":[{"embeddable":true,"href":"https:\/\/tvtecjundiai.com.br\/news\/wp-json\/wp\/v2\/users\/13"}],"replies":[{"embeddable":true,"href":"https:\/\/tvtecjundiai.com.br\/news\/wp-json\/wp\/v2\/comments?post=56521"}],"version-history":[{"count":3,"href":"https:\/\/tvtecjundiai.com.br\/news\/wp-json\/wp\/v2\/posts\/56521\/revisions"}],"predecessor-version":[{"id":56610,"href":"https:\/\/tvtecjundiai.com.br\/news\/wp-json\/wp\/v2\/posts\/56521\/revisions\/56610"}],"wp:featuredmedia":[{"embeddable":true,"href":"https:\/\/tvtecjundiai.com.br\/news\/wp-json\/wp\/v2\/media\/56527"}],"wp:attachment":[{"href":"https:\/\/tvtecjundiai.com.br\/news\/wp-json\/wp\/v2\/media?parent=56521"}],"wp:term":[{"taxonomy":"category","embeddable":true,"href":"https:\/\/tvtecjundiai.com.br\/news\/wp-json\/wp\/v2\/categories?post=56521"},{"taxonomy":"post_tag","embeddable":true,"href":"https:\/\/tvtecjundiai.com.br\/news\/wp-json\/wp\/v2\/tags?post=56521"}],"curies":[{"name":"wp","href":"https:\/\/api.w.org\/{rel}","templated":true}]}}