{"id":56532,"date":"2020-05-29T11:27:18","date_gmt":"2020-05-29T14:27:18","guid":{"rendered":"https:\/\/tvtecjundiai.com.br\/news\/?p=56532"},"modified":"2020-05-29T11:27:40","modified_gmt":"2020-05-29T14:27:40","slug":"governo-prorroga-ate-30-de-setembro-prazo-para-alistamento-militar","status":"publish","type":"post","link":"https:\/\/tvtecjundiai.com.br\/news\/2020\/05\/29\/governo-prorroga-ate-30-de-setembro-prazo-para-alistamento-militar\/","title":{"rendered":"Governo prorroga at\u00e9 30 de setembro prazo para alistamento militar"},"content":{"rendered":"<div id=\"attachment_56533\" style=\"width: 441px\" class=\"wp-caption alignright\"><a href=\"https:\/\/tvtecjundiai.com.br\/news\/wp-content\/uploads\/sites\/2\/2020\/05\/2-11.jpg\"><img loading=\"lazy\" decoding=\"async\" aria-describedby=\"caption-attachment-56533\" class=\"wp-image-56533\" src=\"https:\/\/tvtecjundiai.com.br\/news\/wp-content\/uploads\/sites\/2\/2020\/05\/2-11-300x200.jpg\" alt=\"\" width=\"431\" height=\"287\" srcset=\"https:\/\/tvtecjundiai.com.br\/news\/wp-content\/uploads\/sites\/2\/2020\/05\/2-11-300x200.jpg 300w, https:\/\/tvtecjundiai.com.br\/news\/wp-content\/uploads\/sites\/2\/2020\/05\/2-11-768x512.jpg 768w, https:\/\/tvtecjundiai.com.br\/news\/wp-content\/uploads\/sites\/2\/2020\/05\/2-11.jpg 1140w\" sizes=\"auto, (max-width: 431px) 100vw, 431px\" \/><\/a><p id=\"caption-attachment-56533\" class=\"wp-caption-text\">Medida foi adotada devido ao enfrentamento da pandemia de covid-19<\/p><\/div>\n<p>O governo federal prorrogou, at\u00e9 30 de setembro, o prazo para o alistamento militar obrigat\u00f3rio de 2020, em raz\u00e3o das medidas de enfrentamento \u00e0 pandemia de covid-19. O\u00a0Decreto n\u00ba 10.384\/2020\u00a0foi publicado hoje (29) no<em>\u00a0Di\u00e1rio Oficial da Uni\u00e3o<\/em>.<\/p>\n<p>Normalmente, a apresenta\u00e7\u00e3o obrigat\u00f3ria \u00e9 feita dentro dos primeiros seis meses do ano em que o brasileiro completar 18 anos de idade. Para se alistar, ele deve acessar o site\u00a0<a href=\"https:\/\/www.alistamento.eb.mil.br\/\" target=\"_blank\" rel=\"noopener noreferrer\">www.alistamento.eb.mil.br<\/a>\u00a0ou comparecer \u00e0 Junta de Servi\u00e7o Militar mais pr\u00f3xima da sua resid\u00eancia.<\/p>\n<p>No caso dos brasileiros naturalizados ou por op\u00e7\u00e3o pela apresenta\u00e7\u00e3o, o alistamento \u00e9 feito dentro do prazo de 30 dias, a contar da data em que receberem o certificado de naturaliza\u00e7\u00e3o ou da assinatura do termo de op\u00e7\u00e3o. De acordo com o decreto publicado hoje, em 2020 esse prazo fica prorrogado para 90 dias.<\/p>\n<p>Todo brasileiro do sexo masculino deve se alistar no ano em que completar 18 anos. Caso ele perca o prazo, est\u00e1 sujeito a multa e ficar\u00e1 em d\u00e9bito com o Servi\u00e7o Militar. Nesse caso, n\u00e3o poder\u00e1, por exemplo, obter ou renovar passaporte, inscrever-se em concurso p\u00fablico ou ingressar no servi\u00e7o p\u00fablico, seja eletivo ou de nomea\u00e7\u00e3o, obter carteira profissional, assinar contrato ou receber qualquer pr\u00eamio de governos federal, distrital, estaduais ou municipais.<\/p>\n<p><em>(Fonte\/Foto: Ag\u00eancia Brasil)<\/em><\/p>\n","protected":false},"excerpt":{"rendered":"<p>Medida foi adotada devido ao enfrentamento da pandemia de covid-19<\/p>\n","protected":false},"author":13,"featured_media":56533,"comment_status":"closed","ping_status":"closed","sticky":false,"template":"","format":"standard","meta":{"footnotes":""},"categories":[1],"tags":[7152],"class_list":["post-56532","post","type-post","status-publish","format-standard","has-post-thumbnail","hentry","category-noticias","tag-alistamento-militar"],"_links":{"self":[{"href":"https:\/\/tvtecjundiai.com.br\/news\/wp-json\/wp\/v2\/posts\/56532","targetHints":{"allow":["GET"]}}],"collection":[{"href":"https:\/\/tvtecjundiai.com.br\/news\/wp-json\/wp\/v2\/posts"}],"about":[{"href":"https:\/\/tvtecjundiai.com.br\/news\/wp-json\/wp\/v2\/types\/post"}],"author":[{"embeddable":true,"href":"https:\/\/tvtecjundiai.com.br\/news\/wp-json\/wp\/v2\/users\/13"}],"replies":[{"embeddable":true,"href":"https:\/\/tvtecjundiai.com.br\/news\/wp-json\/wp\/v2\/comments?post=56532"}],"version-history":[{"count":2,"href":"https:\/\/tvtecjundiai.com.br\/news\/wp-json\/wp\/v2\/posts\/56532\/revisions"}],"predecessor-version":[{"id":56535,"href":"https:\/\/tvtecjundiai.com.br\/news\/wp-json\/wp\/v2\/posts\/56532\/revisions\/56535"}],"wp:featuredmedia":[{"embeddable":true,"href":"https:\/\/tvtecjundiai.com.br\/news\/wp-json\/wp\/v2\/media\/56533"}],"wp:attachment":[{"href":"https:\/\/tvtecjundiai.com.br\/news\/wp-json\/wp\/v2\/media?parent=56532"}],"wp:term":[{"taxonomy":"category","embeddable":true,"href":"https:\/\/tvtecjundiai.com.br\/news\/wp-json\/wp\/v2\/categories?post=56532"},{"taxonomy":"post_tag","embeddable":true,"href":"https:\/\/tvtecjundiai.com.br\/news\/wp-json\/wp\/v2\/tags?post=56532"}],"curies":[{"name":"wp","href":"https:\/\/api.w.org\/{rel}","templated":true}]}}