{"id":56557,"date":"2020-05-29T14:21:37","date_gmt":"2020-05-29T17:21:37","guid":{"rendered":"https:\/\/tvtecjundiai.com.br\/news\/?p=56557"},"modified":"2020-05-29T14:21:37","modified_gmt":"2020-05-29T17:21:37","slug":"consumo-das-familias-tem-a-queda-mais-intensa-desde-2001","status":"publish","type":"post","link":"https:\/\/tvtecjundiai.com.br\/news\/2020\/05\/29\/consumo-das-familias-tem-a-queda-mais-intensa-desde-2001\/","title":{"rendered":"Consumo das fam\u00edlias tem a queda mais intensa desde 2001"},"content":{"rendered":"<p><img loading=\"lazy\" decoding=\"async\" class=\"size-medium wp-image-56558 alignright\" src=\"https:\/\/tvtecjundiai.com.br\/news\/wp-content\/uploads\/sites\/2\/2020\/05\/ibgesalva-300x169.jpg\" alt=\"\" width=\"300\" height=\"169\" srcset=\"https:\/\/tvtecjundiai.com.br\/news\/wp-content\/uploads\/sites\/2\/2020\/05\/ibgesalva-300x169.jpg 300w, https:\/\/tvtecjundiai.com.br\/news\/wp-content\/uploads\/sites\/2\/2020\/05\/ibgesalva-768x432.jpg 768w, https:\/\/tvtecjundiai.com.br\/news\/wp-content\/uploads\/sites\/2\/2020\/05\/ibgesalva-1200x675.jpg 1200w, https:\/\/tvtecjundiai.com.br\/news\/wp-content\/uploads\/sites\/2\/2020\/05\/ibgesalva.jpg 1280w\" sizes=\"auto, (max-width: 300px) 100vw, 300px\" \/>O recuo de 2% do consumo das fam\u00edlias no primeiro trimestre deste ano na compara\u00e7\u00e3o com o \u00faltimo trimestre do ano passado foi a queda mais intensa desde 2001, quando houve uma crise de fornecimento el\u00e9trico, de acordo com o Instituto Brasileiro de Geografia e Estat\u00edstica (IBGE).<\/p>\n<p>O motivo da queda, segundo o IBGE, foi a pandemia do novo coronav\u00edrus e as consequentes medidas de isolamento social colocadas em pr\u00e1tica por v\u00e1rios governos estaduais e municipais para combater a dissemina\u00e7\u00e3o da doen\u00e7a.<\/p>\n<p>O comportamento do consumo das fam\u00edlias teve um impacto importante no Produto Interno Bruto (\u00e9 a soma de todos os bens e servi\u00e7os produzidos no pa\u00eds) do trimestre, que\u00a0caiu 1,5% na compara\u00e7\u00e3o com o trimestre anterior. O maior impacto causado pela queda do consumo das fam\u00edlias foi sentido pelo setor de servi\u00e7os, que responde por 74% da economia brasileira.<\/p>\n<p>Entre as atividades de servi\u00e7os pesquisadas, as principais quedas ocorreram nos outros servi\u00e7os (-4,6%), transporte, armazenagem e correio (-2,4%), informa\u00e7\u00e3o e comunica\u00e7\u00e3o (-1,9%) e com\u00e9rcio (-0,8%). Tamb\u00e9m houve quedas nos segmentos de administra\u00e7\u00e3o, sa\u00fade e educa\u00e7\u00e3o p\u00fablica (-0,5%), intermedia\u00e7\u00e3o financeira e seguros (-0,1%). O \u00fanico setor com alta foi o de atividades imobili\u00e1rias (0,4%).<\/p>\n<p>Al\u00e9m do consumo das fam\u00edlias, as exporta\u00e7\u00f5es ca\u00edram 0,9%. Essa queda da demanda tamb\u00e9m teve impactos na ind\u00fastria, que recuou 1,4%. As atividades industriais tiveram as seguintes taxas de queda: setor extrativo (-3,2%), constru\u00e7\u00e3o (-2,4%), ind\u00fastrias de transforma\u00e7\u00e3o (-1,4%) e atividade de eletricidade e g\u00e1s, \u00e1gua, esgoto, atividades de gest\u00e3o de res\u00edduos (-0,1%).<\/p>\n<p><strong>Fonte: Ag\u00eancia Brasil\/Imagem:Metro<\/strong><\/p>\n","protected":false},"excerpt":{"rendered":"<p>O motivo da queda, foi a pandemia do novo coronav\u00edrus<\/p>\n","protected":false},"author":18,"featured_media":0,"comment_status":"closed","ping_status":"closed","sticky":false,"template":"","format":"standard","meta":{"footnotes":""},"categories":[2829,1],"tags":[2408,6242,3684,910,6511],"class_list":["post-56557","post","type-post","status-publish","format-standard","hentry","category-economia","category-noticias","tag-consumo","tag-coronavirus","tag-familias","tag-ibge","tag-pandemia"],"_links":{"self":[{"href":"https:\/\/tvtecjundiai.com.br\/news\/wp-json\/wp\/v2\/posts\/56557","targetHints":{"allow":["GET"]}}],"collection":[{"href":"https:\/\/tvtecjundiai.com.br\/news\/wp-json\/wp\/v2\/posts"}],"about":[{"href":"https:\/\/tvtecjundiai.com.br\/news\/wp-json\/wp\/v2\/types\/post"}],"author":[{"embeddable":true,"href":"https:\/\/tvtecjundiai.com.br\/news\/wp-json\/wp\/v2\/users\/18"}],"replies":[{"embeddable":true,"href":"https:\/\/tvtecjundiai.com.br\/news\/wp-json\/wp\/v2\/comments?post=56557"}],"version-history":[{"count":3,"href":"https:\/\/tvtecjundiai.com.br\/news\/wp-json\/wp\/v2\/posts\/56557\/revisions"}],"predecessor-version":[{"id":56571,"href":"https:\/\/tvtecjundiai.com.br\/news\/wp-json\/wp\/v2\/posts\/56557\/revisions\/56571"}],"wp:attachment":[{"href":"https:\/\/tvtecjundiai.com.br\/news\/wp-json\/wp\/v2\/media?parent=56557"}],"wp:term":[{"taxonomy":"category","embeddable":true,"href":"https:\/\/tvtecjundiai.com.br\/news\/wp-json\/wp\/v2\/categories?post=56557"},{"taxonomy":"post_tag","embeddable":true,"href":"https:\/\/tvtecjundiai.com.br\/news\/wp-json\/wp\/v2\/tags?post=56557"}],"curies":[{"name":"wp","href":"https:\/\/api.w.org\/{rel}","templated":true}]}}