{"id":56587,"date":"2020-05-29T16:44:11","date_gmt":"2020-05-29T19:44:11","guid":{"rendered":"https:\/\/tvtecjundiai.com.br\/news\/?p=56587"},"modified":"2020-05-29T16:50:44","modified_gmt":"2020-05-29T19:50:44","slug":"musica-em-casa-traz-apresentacoes-diarias-e-ineditas-da-orquestra-municipal","status":"publish","type":"post","link":"https:\/\/tvtecjundiai.com.br\/news\/2020\/05\/29\/musica-em-casa-traz-apresentacoes-diarias-e-ineditas-da-orquestra-municipal\/","title":{"rendered":"\u201cM\u00fasica em Casa\u201d traz apresenta\u00e7\u00f5es di\u00e1rias e in\u00e9ditas da Orquestra Municipal"},"content":{"rendered":"<div id=\"attachment_56588\" style=\"width: 397px\" class=\"wp-caption alignright\"><a href=\"https:\/\/tvtecjundiai.com.br\/news\/wp-content\/uploads\/sites\/2\/2020\/05\/musica_em_casa_omj_1-1280x720.png\"><img loading=\"lazy\" decoding=\"async\" aria-describedby=\"caption-attachment-56588\" class=\"wp-image-56588\" src=\"https:\/\/tvtecjundiai.com.br\/news\/wp-content\/uploads\/sites\/2\/2020\/05\/musica_em_casa_omj_1-1280x720-300x169.png\" alt=\"\" width=\"387\" height=\"218\" srcset=\"https:\/\/tvtecjundiai.com.br\/news\/wp-content\/uploads\/sites\/2\/2020\/05\/musica_em_casa_omj_1-1280x720-300x169.png 300w, https:\/\/tvtecjundiai.com.br\/news\/wp-content\/uploads\/sites\/2\/2020\/05\/musica_em_casa_omj_1-1280x720-768x432.png 768w, https:\/\/tvtecjundiai.com.br\/news\/wp-content\/uploads\/sites\/2\/2020\/05\/musica_em_casa_omj_1-1280x720-1200x675.png 1200w, https:\/\/tvtecjundiai.com.br\/news\/wp-content\/uploads\/sites\/2\/2020\/05\/musica_em_casa_omj_1-1280x720.png 1280w\" sizes=\"auto, (max-width: 387px) 100vw, 387px\" \/><\/a><p id=\"caption-attachment-56588\" class=\"wp-caption-text\">Apresenta\u00e7\u00e3o da m\u00fasica \u201cFuga y Misterio\u201d, com a participa\u00e7\u00e3o de todos os m\u00fasicos da Orquestra<\/p><\/div>\n<p>No ano em que completa dez anos desde a sua cria\u00e7\u00e3o, a Orquestra Municipal de Jundia\u00ed (OMJ) tem driblado o isolamento social para manter suas apresenta\u00e7\u00f5es ao p\u00fablico. Por meio de v\u00eddeos gravados em casa e dispon\u00edveis no\u00a0<a href=\"https:\/\/cultura.jundiai.sp.gov.br\/fiqueemcasa-da-cultura\/\" target=\"_blank\" rel=\"noopener noreferrer\">site da Cultura<\/a>\u00a0e na\u00a0<a href=\"https:\/\/www.youtube.com\/watch?v=oMRbhJFlETY&amp;list=PLy-QfdXb97PnEfM-ZdEwnWEkP6yfL8DbU\" target=\"_blank\" rel=\"noopener noreferrer\">playlist #FiqueemCasaJundia\u00ed da Prefeitura<\/a>, de segunda a sexta-feira os m\u00fasicos da Orquestra compartilham suas apresenta\u00e7\u00f5es in\u00e9ditas pela s\u00e9rie \u201cM\u00fasica em Casa\u201d.<\/p>\n<p>As apresenta\u00e7\u00f5es individuais ou em grupos, respeitando o distanciamento, trazem os esfor\u00e7os do corpo art\u00edstico ligado \u00e0 Unidade de Gest\u00e3o de Cultura (UGC) e um repert\u00f3rio selecionado e diversificado. Nesta sexta-feira (29), por exemplo,\u00a0<a href=\"https:\/\/www.youtube.com\/watch?v=S4soC3yUnfs\" target=\"_blank\" rel=\"noopener noreferrer\">Valdiner Rossi, no violino, e Valter Kakizaki, na viola, apresentam \u201cLibertango\u201d, do compositor argentino Astor Piazzolla<\/a>.<\/p>\n<p>O gestor da UGC, Marcelo Peroni, refor\u00e7a a import\u00e2ncia de levar, com seguran\u00e7a, conte\u00fados art\u00edsticos \u00e0 popula\u00e7\u00e3o. J\u00e1 a\u00a0diretora art\u00edstica e regente da OMJ, Cl\u00e1udia Feres, explica que a \u201ctemporada virtual\u201d j\u00e1 conta com 50 conte\u00fados in\u00e9ditos j\u00e1 produzidos ou em fase de produ\u00e7\u00e3o.<\/p>\n<p>Al\u00e9m dos conte\u00fados in\u00e9ditos, \u00e0s quintas-feiras, a OMJ prop\u00f5e ainda um\u00a0<a href=\"https:\/\/cultura.jundiai.sp.gov.br\/fiqueemcasa-da-cultura\/corpos-artisticos-da-cultura\/concertos-da-orquestra-municipal-de-jundiai-omj-tbt10anos\/\" target=\"_blank\" rel=\"noopener noreferrer\">#tbt10anos<\/a>, com trechos de apresenta\u00e7\u00f5es realizadas em seus dez anos de exist\u00eancia. Esse conte\u00fado tamb\u00e9m se encontra dispon\u00edvel no site da Cultura e na playlist #FiqueemCasaJundia\u00ed da Prefeitura, assim como outros conte\u00fados, como o concerto\u00a0<a href=\"https:\/\/www.youtube.com\/watch?v=SuGyUTbvSCM\" target=\"_blank\" rel=\"noopener noreferrer\">\u201cCl\u00e1ssicos em Movimento: 108 anos do Teatro Polytheama\u201d, realizado em dezembro do ano passado<\/a>.<\/p>\n<p><em>(Fonte\/Foto: Prefeitura de Jundia\u00ed)<\/em><\/p>\n","protected":false},"excerpt":{"rendered":"<p>As apresenta\u00e7\u00f5es trazem os esfor\u00e7os do corpo art\u00edstico ligado \u00e0 Unidade de Gest\u00e3o de Cultura (UGC) <\/p>\n","protected":false},"author":13,"featured_media":56588,"comment_status":"closed","ping_status":"closed","sticky":false,"template":"","format":"standard","meta":{"footnotes":""},"categories":[2834,2833,1],"tags":[],"class_list":["post-56587","post","type-post","status-publish","format-standard","has-post-thumbnail","hentry","category-cidades","category-cultura","category-noticias"],"_links":{"self":[{"href":"https:\/\/tvtecjundiai.com.br\/news\/wp-json\/wp\/v2\/posts\/56587","targetHints":{"allow":["GET"]}}],"collection":[{"href":"https:\/\/tvtecjundiai.com.br\/news\/wp-json\/wp\/v2\/posts"}],"about":[{"href":"https:\/\/tvtecjundiai.com.br\/news\/wp-json\/wp\/v2\/types\/post"}],"author":[{"embeddable":true,"href":"https:\/\/tvtecjundiai.com.br\/news\/wp-json\/wp\/v2\/users\/13"}],"replies":[{"embeddable":true,"href":"https:\/\/tvtecjundiai.com.br\/news\/wp-json\/wp\/v2\/comments?post=56587"}],"version-history":[{"count":3,"href":"https:\/\/tvtecjundiai.com.br\/news\/wp-json\/wp\/v2\/posts\/56587\/revisions"}],"predecessor-version":[{"id":56592,"href":"https:\/\/tvtecjundiai.com.br\/news\/wp-json\/wp\/v2\/posts\/56587\/revisions\/56592"}],"wp:featuredmedia":[{"embeddable":true,"href":"https:\/\/tvtecjundiai.com.br\/news\/wp-json\/wp\/v2\/media\/56588"}],"wp:attachment":[{"href":"https:\/\/tvtecjundiai.com.br\/news\/wp-json\/wp\/v2\/media?parent=56587"}],"wp:term":[{"taxonomy":"category","embeddable":true,"href":"https:\/\/tvtecjundiai.com.br\/news\/wp-json\/wp\/v2\/categories?post=56587"},{"taxonomy":"post_tag","embeddable":true,"href":"https:\/\/tvtecjundiai.com.br\/news\/wp-json\/wp\/v2\/tags?post=56587"}],"curies":[{"name":"wp","href":"https:\/\/api.w.org\/{rel}","templated":true}]}}