{"id":56625,"date":"2020-05-29T19:51:02","date_gmt":"2020-05-29T22:51:02","guid":{"rendered":"https:\/\/tvtecjundiai.com.br\/news\/?p=56625"},"modified":"2020-05-29T20:23:10","modified_gmt":"2020-05-29T23:23:10","slug":"comercio-e-shoppings-voltam-a-funcionar-em-horario-limitado","status":"publish","type":"post","link":"https:\/\/tvtecjundiai.com.br\/news\/2020\/05\/29\/comercio-e-shoppings-voltam-a-funcionar-em-horario-limitado\/","title":{"rendered":"Com\u00e9rcio e shoppings voltam a funcionar em hor\u00e1rio limitado"},"content":{"rendered":"<p>O prefeito de Jundia\u00ed, Luiz Fernando Machado, anunciou no in\u00edcio da noite desta sexta-feira (29), para o Tem Not\u00edcias, da <em>TVTEM<\/em> &#8211; emissora filiada \u00e0 Rede Globo &#8211; a abertura gradual do com\u00e9rcio a partir de segunda-feira (1.\u00ba de junho), seguindo rigorosamente protocolos sanit\u00e1rios e com hor\u00e1rios limitados.<\/p>\n<div id=\"attachment_56626\" style=\"width: 442px\" class=\"wp-caption alignright\"><img loading=\"lazy\" decoding=\"async\" aria-describedby=\"caption-attachment-56626\" class=\"wp-image-56626\" src=\"https:\/\/tvtecjundiai.com.br\/news\/wp-content\/uploads\/sites\/2\/2020\/05\/jundiai-300x300.jpg\" alt=\"\" width=\"432\" height=\"432\" \/><p id=\"caption-attachment-56626\" class=\"wp-caption-text\">Com\u00e9rcio em Jundia\u00ed vai poder abrir quatro horas por dia, das 9h30 \u00e0s 13h30 e shoppings das 14 \u00e0s 20 horas, usando 20% do espa\u00e7o<\/p><\/div>\n<p><em><strong>Os estabelecimentos comerciais poder\u00e3o funcionar, nesta fase &#8211; a segunda do decreto do governador Jo\u00e3o D\u00f3ria &#8211; das 9h30 \u00e0s 15h30 e os shoppings das 14 \u00e0s 20 horas, com\u00a0 utiliza\u00e7\u00e3o de apenas 20% do espa\u00e7o dispon\u00edvel.<\/strong><\/em><\/p>\n<p>N\u00e3o h\u00e1 previs\u00e3o ainda, na cidade, para o retorno das atividades religiosas. As medidas est\u00e3o detalhadas no <strong><a href=\"https:\/\/tvtecjundiai.com.br\/news\/wp-content\/uploads\/sites\/2\/2020\/05\/Decreto-n.-29.026_20-1.pdf\">Decreto n. 29.026_20<\/a><\/strong> publicado na noite desta sexta-feira na Imprensa Oficial.<\/p>\n<p>Pouco antes, em entrevista \u00e0 <em>TVTEC<\/em>, emissora da p\u00fablica de Jundia\u00ed, o prefeito havia anunciado tamb\u00e9m que os estabelecimentos e shoppings que abrirem dever\u00e3o se corresponsabilizar pelas medidas sanit\u00e1rias, para garantir a Sa\u00fade P\u00fablica.<\/p>\n<p><b>PARA MAIS INFORMA\u00c7\u00d5ES E ACESSAR O DECRETO, <a href=\"https:\/\/jundiai.sp.gov.br\/noticias\/2020\/05\/29\/reabertura-gradual-do-comercio-tera-protocolos-rigidos-de-prevencao\/\" target=\"_blank\" rel=\"noopener noreferrer\">CLIQUE AQUI<\/a><\/b><\/p>\n<p>&nbsp;<\/p>\n","protected":false},"excerpt":{"rendered":"<p>Flexibiliza\u00e7\u00e3o a partir de 1\u00ba de junho ser\u00e1 gradual e observar\u00e1 protocolo sanit\u00e1rio<\/p>\n","protected":false},"author":8,"featured_media":56626,"comment_status":"closed","ping_status":"closed","sticky":false,"template":"","format":"standard","meta":{"footnotes":""},"categories":[29,2829,1],"tags":[7198,7199],"class_list":["post-56625","post","type-post","status-publish","format-standard","has-post-thumbnail","hentry","category-destaque","category-economia","category-noticias","tag-flexibilizacao-do-comerci","tag-jundiai-abre-comercio-na-segunda-1"],"_links":{"self":[{"href":"https:\/\/tvtecjundiai.com.br\/news\/wp-json\/wp\/v2\/posts\/56625","targetHints":{"allow":["GET"]}}],"collection":[{"href":"https:\/\/tvtecjundiai.com.br\/news\/wp-json\/wp\/v2\/posts"}],"about":[{"href":"https:\/\/tvtecjundiai.com.br\/news\/wp-json\/wp\/v2\/types\/post"}],"author":[{"embeddable":true,"href":"https:\/\/tvtecjundiai.com.br\/news\/wp-json\/wp\/v2\/users\/8"}],"replies":[{"embeddable":true,"href":"https:\/\/tvtecjundiai.com.br\/news\/wp-json\/wp\/v2\/comments?post=56625"}],"version-history":[{"count":8,"href":"https:\/\/tvtecjundiai.com.br\/news\/wp-json\/wp\/v2\/posts\/56625\/revisions"}],"predecessor-version":[{"id":56638,"href":"https:\/\/tvtecjundiai.com.br\/news\/wp-json\/wp\/v2\/posts\/56625\/revisions\/56638"}],"wp:featuredmedia":[{"embeddable":true,"href":"https:\/\/tvtecjundiai.com.br\/news\/wp-json\/wp\/v2\/media\/56626"}],"wp:attachment":[{"href":"https:\/\/tvtecjundiai.com.br\/news\/wp-json\/wp\/v2\/media?parent=56625"}],"wp:term":[{"taxonomy":"category","embeddable":true,"href":"https:\/\/tvtecjundiai.com.br\/news\/wp-json\/wp\/v2\/categories?post=56625"},{"taxonomy":"post_tag","embeddable":true,"href":"https:\/\/tvtecjundiai.com.br\/news\/wp-json\/wp\/v2\/tags?post=56625"}],"curies":[{"name":"wp","href":"https:\/\/api.w.org\/{rel}","templated":true}]}}