{"id":57031,"date":"2020-06-04T08:46:08","date_gmt":"2020-06-04T11:46:08","guid":{"rendered":"https:\/\/tvtecjundiai.com.br\/news\/?p=57031"},"modified":"2020-06-04T08:46:27","modified_gmt":"2020-06-04T11:46:27","slug":"cultura-de-jundiai-abre-inscricoes-para-oficinas-de-danca-contemporanea","status":"publish","type":"post","link":"https:\/\/tvtecjundiai.com.br\/news\/2020\/06\/04\/cultura-de-jundiai-abre-inscricoes-para-oficinas-de-danca-contemporanea\/","title":{"rendered":"Cultura abre inscri\u00e7\u00f5es para Oficinas de Dan\u00e7a Contempor\u00e2nea"},"content":{"rendered":"<div id=\"attachment_57032\" style=\"width: 423px\" class=\"wp-caption alignright\"><a href=\"https:\/\/tvtecjundiai.com.br\/news\/wp-content\/uploads\/sites\/2\/2020\/06\/1-2.jpg\"><img loading=\"lazy\" decoding=\"async\" aria-describedby=\"caption-attachment-57032\" class=\"wp-image-57032\" src=\"https:\/\/tvtecjundiai.com.br\/news\/wp-content\/uploads\/sites\/2\/2020\/06\/1-2-300x200.jpg\" alt=\"\" width=\"413\" height=\"275\" srcset=\"https:\/\/tvtecjundiai.com.br\/news\/wp-content\/uploads\/sites\/2\/2020\/06\/1-2-300x200.jpg 300w, https:\/\/tvtecjundiai.com.br\/news\/wp-content\/uploads\/sites\/2\/2020\/06\/1-2-768x512.jpg 768w, https:\/\/tvtecjundiai.com.br\/news\/wp-content\/uploads\/sites\/2\/2020\/06\/1-2-1200x801.jpg 1200w, https:\/\/tvtecjundiai.com.br\/news\/wp-content\/uploads\/sites\/2\/2020\/06\/1-2.jpg 1280w\" sizes=\"auto, (max-width: 413px) 100vw, 413px\" \/><\/a><p id=\"caption-attachment-57032\" class=\"wp-caption-text\">Ciclo de Oficinas de Dan\u00e7a Contempor\u00e2nea faz parte do programa de oficinas culturais da Secretaria estadual de Cultura e Economia Criativa<\/p><\/div>\n<p>A Cultura de Jundia\u00ed est\u00e1 com vagas abertas para o Ciclo de Oficinas Pr\u00e1ticas e Remotas de Dan\u00e7a Contempor\u00e2nea &#8211; uma iniciativa que faz parte do programa de oficinas culturais da\u00a0Secretaria de Cultura e Economia Criativa do Estado de S\u00e3o Paulo e \u00e9 gerenciada pela Poiesis Gest\u00e3o Cultural.<\/p>\n<p>Ministrado por Andrea Thomioka, o curso conta com cinco encontros tem\u00e1ticos quinzenais,\u00a0\u00e0s sextas-feiras, das 10h30 \u00e0s 12h ou 13h \u00e0s 15h30, a partir de 12 de junho. As oficinas trabalham o m\u00e9todo \u201cupgrade.BR\u201d, que trata da manuten\u00e7\u00e3o do trabalho f\u00edsico e art\u00edstico, da intera\u00e7\u00e3o e compartilhamento do conhecimento e descoberta de meios entre os participantes, da potencializa\u00e7\u00e3o dos processos, al\u00e9m dos outros objetivos habituais da dan\u00e7a contempor\u00e2nea.<\/p>\n<p>Os interessados devem se inscrever at\u00e9 esta sexta-feira (05), por meio de envio de carta de interesse para o e-mail\u00a0<a href=\"mailto:thomioka.pa@gmail.com\" target=\"_blank\" rel=\"noopener noreferrer\">thomioka.pa@gmail.com<\/a>, com assunto \u201cOficinas pr\u00e1ticas e remotas \u2013 Dan\u00e7a Contempor\u00e2nea\u201d. No corpo do e-mail o interessado dever\u00e1 especificar nome, idade, n\u00famero de celular\/WhatsApp, cidade e estado de resid\u00eancia e as respostas: Por que tem interesse em participar desta Oficina? (at\u00e9 quatro linhas); Em Dan\u00e7a, um resumo de sua forma\u00e7\u00e3o, experi\u00eancia e atual (antes do isolamento) rotina pr\u00e1tica (at\u00e9 cinco 5 linhas); Voc\u00ea tem feito alguma atividade pr\u00e1tica de dan\u00e7a durante o isolamento social?. Os inscritos receber\u00e3o por e-mail o link de acesso de transmiss\u00e3o na plataforma Zoom.<\/p>\n<p><em>(Fonte\/Foto: Prefeitura de Jundia\u00ed)<\/em><\/p>\n","protected":false},"excerpt":{"rendered":"<p>Artistas interessados devem se inscrever por email at\u00e9 sexta-feira (5)<\/p>\n","protected":false},"author":13,"featured_media":57032,"comment_status":"closed","ping_status":"closed","sticky":false,"template":"","format":"standard","meta":{"footnotes":""},"categories":[2834,2833,1],"tags":[84,7237,5,884],"class_list":["post-57031","post","type-post","status-publish","format-standard","has-post-thumbnail","hentry","category-cidades","category-cultura","category-noticias","tag-cultura","tag-danca-contemporanea","tag-jundiai","tag-oficinas"],"_links":{"self":[{"href":"https:\/\/tvtecjundiai.com.br\/news\/wp-json\/wp\/v2\/posts\/57031","targetHints":{"allow":["GET"]}}],"collection":[{"href":"https:\/\/tvtecjundiai.com.br\/news\/wp-json\/wp\/v2\/posts"}],"about":[{"href":"https:\/\/tvtecjundiai.com.br\/news\/wp-json\/wp\/v2\/types\/post"}],"author":[{"embeddable":true,"href":"https:\/\/tvtecjundiai.com.br\/news\/wp-json\/wp\/v2\/users\/13"}],"replies":[{"embeddable":true,"href":"https:\/\/tvtecjundiai.com.br\/news\/wp-json\/wp\/v2\/comments?post=57031"}],"version-history":[{"count":2,"href":"https:\/\/tvtecjundiai.com.br\/news\/wp-json\/wp\/v2\/posts\/57031\/revisions"}],"predecessor-version":[{"id":57035,"href":"https:\/\/tvtecjundiai.com.br\/news\/wp-json\/wp\/v2\/posts\/57031\/revisions\/57035"}],"wp:featuredmedia":[{"embeddable":true,"href":"https:\/\/tvtecjundiai.com.br\/news\/wp-json\/wp\/v2\/media\/57032"}],"wp:attachment":[{"href":"https:\/\/tvtecjundiai.com.br\/news\/wp-json\/wp\/v2\/media?parent=57031"}],"wp:term":[{"taxonomy":"category","embeddable":true,"href":"https:\/\/tvtecjundiai.com.br\/news\/wp-json\/wp\/v2\/categories?post=57031"},{"taxonomy":"post_tag","embeddable":true,"href":"https:\/\/tvtecjundiai.com.br\/news\/wp-json\/wp\/v2\/tags?post=57031"}],"curies":[{"name":"wp","href":"https:\/\/api.w.org\/{rel}","templated":true}]}}