{"id":57036,"date":"2020-06-04T08:55:20","date_gmt":"2020-06-04T11:55:20","guid":{"rendered":"https:\/\/tvtecjundiai.com.br\/news\/?p=57036"},"modified":"2020-06-04T09:54:19","modified_gmt":"2020-06-04T12:54:19","slug":"sesao-inicia-testagem-rapida-para-covid-19","status":"publish","type":"post","link":"https:\/\/tvtecjundiai.com.br\/news\/2020\/06\/04\/sesao-inicia-testagem-rapida-para-covid-19\/","title":{"rendered":"Ses\u00e3o inicia testagem r\u00e1pida para Covid-19 em Jundia\u00ed"},"content":{"rendered":"<p>O Ses\u00e3o de Jundia\u00ed iniciou a aplica\u00e7\u00e3o de testagem para Covid-19 nesta quarta-feira (3). O local facilita o acesso da popula\u00e7\u00e3o que opta pelo posto para a realiza\u00e7\u00e3o do teste agendado pelo servi\u00e7o 156. Jundia\u00ed conta com 20 mil testes r\u00e1pidos, sendo 10 mil adquiridos pelo munic\u00edpio e outros 10 mil recebidos pelo Minist\u00e9rio da Sa\u00fade.<\/p>\n<div id=\"attachment_57037\" style=\"width: 460px\" class=\"wp-caption alignleft\"><a href=\"https:\/\/tvtecjundiai.com.br\/news\/wp-content\/uploads\/sites\/2\/2020\/06\/2-1.jpg\"><img loading=\"lazy\" decoding=\"async\" aria-describedby=\"caption-attachment-57037\" class=\"wp-image-57037\" src=\"https:\/\/tvtecjundiai.com.br\/news\/wp-content\/uploads\/sites\/2\/2020\/06\/2-1-300x200.jpg\" alt=\"\" width=\"450\" height=\"300\" srcset=\"https:\/\/tvtecjundiai.com.br\/news\/wp-content\/uploads\/sites\/2\/2020\/06\/2-1-300x200.jpg 300w, https:\/\/tvtecjundiai.com.br\/news\/wp-content\/uploads\/sites\/2\/2020\/06\/2-1-768x512.jpg 768w, https:\/\/tvtecjundiai.com.br\/news\/wp-content\/uploads\/sites\/2\/2020\/06\/2-1.jpg 1093w\" sizes=\"auto, (max-width: 450px) 100vw, 450px\" \/><\/a><p id=\"caption-attachment-57037\" class=\"wp-caption-text\">Unidade Ses\u00e3o est\u00e1 sendo usada para descentralizar o atendimento da UBS Central<\/p><\/div>\n<p>De acordo com o gestor da Unidade de Gest\u00e3o de Promo\u00e7\u00e3o da Sa\u00fade (UGPS), Tiago Texera, a testagem reduz a subnotifica\u00e7\u00e3o e proporciona clareza em rela\u00e7\u00e3o ao cen\u00e1rio da doen\u00e7a. Assim como para os outros postos, a testagem \u00e9 agendada pelo Disque 156 Coronav\u00edrus, para pessoas que j\u00e1 tenham superado o per\u00edodo de viremia.<\/p>\n<p>\u201cAl\u00e9m dos testes destinados para a popula\u00e7\u00e3o que registra sintomas gripais e os assintom\u00e1ticos, que est\u00e3o sendo testados pelo inqu\u00e9rito epidemiol\u00f3gico, Jundia\u00ed ainda oferece a testagem para idosos abrigados em institui\u00e7\u00f5es de longa perman\u00eancia. Com isso, testaremos 5% da popula\u00e7\u00e3o da cidade, percentual de destaque no cen\u00e1rio de combate \u00e0 pandemia\u201d, detalha o gestor.<\/p>\n<p><em>(Fonte\/Foto: Prefeitura de Jundia\u00ed)<\/em><\/p>\n","protected":false},"excerpt":{"rendered":"<p>Unidade ajuda a descentralizar o atendimento da UBS Central<\/p>\n","protected":false},"author":13,"featured_media":57037,"comment_status":"closed","ping_status":"closed","sticky":false,"template":"","format":"standard","meta":{"footnotes":""},"categories":[2834,1,2839],"tags":[6242,5,7238],"class_list":["post-57036","post","type-post","status-publish","format-standard","has-post-thumbnail","hentry","category-cidades","category-noticias","category-saude","tag-coronavirus","tag-jundiai","tag-sesao"],"_links":{"self":[{"href":"https:\/\/tvtecjundiai.com.br\/news\/wp-json\/wp\/v2\/posts\/57036","targetHints":{"allow":["GET"]}}],"collection":[{"href":"https:\/\/tvtecjundiai.com.br\/news\/wp-json\/wp\/v2\/posts"}],"about":[{"href":"https:\/\/tvtecjundiai.com.br\/news\/wp-json\/wp\/v2\/types\/post"}],"author":[{"embeddable":true,"href":"https:\/\/tvtecjundiai.com.br\/news\/wp-json\/wp\/v2\/users\/13"}],"replies":[{"embeddable":true,"href":"https:\/\/tvtecjundiai.com.br\/news\/wp-json\/wp\/v2\/comments?post=57036"}],"version-history":[{"count":5,"href":"https:\/\/tvtecjundiai.com.br\/news\/wp-json\/wp\/v2\/posts\/57036\/revisions"}],"predecessor-version":[{"id":57048,"href":"https:\/\/tvtecjundiai.com.br\/news\/wp-json\/wp\/v2\/posts\/57036\/revisions\/57048"}],"wp:featuredmedia":[{"embeddable":true,"href":"https:\/\/tvtecjundiai.com.br\/news\/wp-json\/wp\/v2\/media\/57037"}],"wp:attachment":[{"href":"https:\/\/tvtecjundiai.com.br\/news\/wp-json\/wp\/v2\/media?parent=57036"}],"wp:term":[{"taxonomy":"category","embeddable":true,"href":"https:\/\/tvtecjundiai.com.br\/news\/wp-json\/wp\/v2\/categories?post=57036"},{"taxonomy":"post_tag","embeddable":true,"href":"https:\/\/tvtecjundiai.com.br\/news\/wp-json\/wp\/v2\/tags?post=57036"}],"curies":[{"name":"wp","href":"https:\/\/api.w.org\/{rel}","templated":true}]}}