{"id":57080,"date":"2020-06-04T14:59:47","date_gmt":"2020-06-04T17:59:47","guid":{"rendered":"https:\/\/tvtecjundiai.com.br\/news\/?p=57080"},"modified":"2020-06-04T14:59:47","modified_gmt":"2020-06-04T17:59:47","slug":"na-semana-do-meio-ambiente-esgoto-100-tratado-e-destaque-em-jundiai","status":"publish","type":"post","link":"https:\/\/tvtecjundiai.com.br\/news\/2020\/06\/04\/na-semana-do-meio-ambiente-esgoto-100-tratado-e-destaque-em-jundiai\/","title":{"rendered":"Na semana do Meio Ambiente, esgoto 100% tratado \u00e9 destaque em Jundia\u00ed"},"content":{"rendered":"<div id=\"attachment_57124\" style=\"width: 310px\" class=\"wp-caption alignright\"><img loading=\"lazy\" decoding=\"async\" aria-describedby=\"caption-attachment-57124\" class=\"wp-image-57124 size-medium\" src=\"https:\/\/tvtecjundiai.com.br\/news\/wp-content\/uploads\/sites\/2\/2020\/06\/a\u00e9rea2-300x169.jpg\" alt=\"\" width=\"300\" height=\"169\" srcset=\"https:\/\/tvtecjundiai.com.br\/news\/wp-content\/uploads\/sites\/2\/2020\/06\/a\u00e9rea2-300x169.jpg 300w, https:\/\/tvtecjundiai.com.br\/news\/wp-content\/uploads\/sites\/2\/2020\/06\/a\u00e9rea2-768x432.jpg 768w, https:\/\/tvtecjundiai.com.br\/news\/wp-content\/uploads\/sites\/2\/2020\/06\/a\u00e9rea2-1200x675.jpg 1200w, https:\/\/tvtecjundiai.com.br\/news\/wp-content\/uploads\/sites\/2\/2020\/06\/a\u00e9rea2.jpg 1280w\" sizes=\"auto, (max-width: 300px) 100vw, 300px\" \/><p id=\"caption-attachment-57124\" class=\"wp-caption-text\">Desde 1998, a cidade trata todo o esgoto que \u00e9 coletado<\/p><\/div>\n<p>Que a falta de tratamento de esgoto pode ser um causador de doen\u00e7as, n\u00e3o \u00e9 novidade. Afinal, hepatite A, poliomielite, esquistossomose e febre tifoide s\u00e3o apenas algumas das enfermidades que podem acometer a popula\u00e7\u00e3o que tenha contato com o esgoto.<\/p>\n<p>A falta de saneamento b\u00e1sico e o tratamento de esgoto ainda s\u00e3o alguns dos maiores problemas do Brasil. Segundo dados do Instituto Trata Brasil, apenas 46% do esgoto produzido no pa\u00eds \u00e9 tratado.<\/p>\n<p>De acordo com Antonio Carlos dos Santos, diretor da Companhia Saneamento de Jundia\u00ed (CSJ), o despejo de materiais sem o devido tratamento pode implicar de forma negativa na preserva\u00e7\u00e3o no meio ambiente. \u201cQuem sofre \u00e9 a popula\u00e7\u00e3o com problemas de sa\u00fade e a dificuldade em usufruir de um espa\u00e7o comum de qualidade, por exemplo\u201d.<\/p>\n<p>Jundia\u00ed \u00e9 um exemplo positivo em meio a este cen\u00e1rio. O munic\u00edpio investiu no planejamento e execu\u00e7\u00e3o de a\u00e7\u00f5es que fizeram com que, desde 1998, a cidade tratasse todo o esgoto que \u00e9 coletado. \u201cHoje tratamos todo o esgoto que chega \u00e0 Esta\u00e7\u00e3o de Tratamento de Esgoto de Jundia\u00ed, a ETEJ. Isso mostra que o munic\u00edpio tem investido corretamente seus esfor\u00e7os no bem-estar da popula\u00e7\u00e3o e que a CSJ consegue executar seu trabalho de forma eficaz\u201d, explica Antonio Carlos.<\/p>\n<p>Tratar o esgoto de forma adequada reflete diretamente no meio ambiente. \u201cCom o despejo de res\u00edduos, coleta de esgoto e tratamento adequados, podemos garantir a preserva\u00e7\u00e3o do meio ambiente e, com isso, uma qualidade de vida muito melhor \u00e0 popula\u00e7\u00e3o\u201d \u201cO exemplo de Jundia\u00ed \u00e9 um reflexo de todo esse esfor\u00e7o. O trabalho da CSJ em conjunto com o munic\u00edpio resultou na melhoria consider\u00e1vel da qualidade da \u00e1gua do Rio Jundia\u00ed, que voltou a ter peixes e possibilitou o uso das suas \u00e1guas para abastecimento p\u00fablico por outros munic\u00edpios\u201d, completa Antonio Carlos.<\/p>\n<p>ETEJ e Covid-19<\/p>\n<p>Com a pandemia causada pelo Covid-19, a CSJ refor\u00e7ou ainda mais os cuidados que j\u00e1 eram tomados anteriormente. O uso correto dos EPIs foi refor\u00e7ado em treinamento para todos os colaboradores e diariamente todos que passam pela ETEJ s\u00e3o inspecionados. \u201cTodos os colaboradores passaram novamente por treinamento sobre a forma correta de usar, conservar e descartar seus EPIs e passou a ser obrigat\u00f3rio o uso de m\u00e1scaras dentro da ETEJ, conforme recomenda\u00e7\u00e3o das autoridades e da OMS. Ainda, parte da equipe est\u00e1 trabalhando de casa. Redobramos os cuidados para manter todos em seguran\u00e7a e garantir que o servi\u00e7o de tratamento de esgoto continue sendo prestado de forma cont\u00ednua e com excel\u00eancia\u201d.<\/p>\n<p><em>(Fonte: Assessoria de Imprensa\/ Imagem: Divulga\u00e7\u00e3o)<\/em><\/p>\n","protected":false},"excerpt":{"rendered":"<p>Desde 1998, Jundia\u00ed trata todo o esgoto que \u00e9 coletado<\/p>\n","protected":false},"author":18,"featured_media":57124,"comment_status":"closed","ping_status":"closed","sticky":false,"template":"","format":"standard","meta":{"footnotes":""},"categories":[1],"tags":[6242,3987,5,563],"class_list":["post-57080","post","type-post","status-publish","format-standard","has-post-thumbnail","hentry","category-noticias","tag-coronavirus","tag-csj","tag-jundiai","tag-meio-ambiente"],"_links":{"self":[{"href":"https:\/\/tvtecjundiai.com.br\/news\/wp-json\/wp\/v2\/posts\/57080","targetHints":{"allow":["GET"]}}],"collection":[{"href":"https:\/\/tvtecjundiai.com.br\/news\/wp-json\/wp\/v2\/posts"}],"about":[{"href":"https:\/\/tvtecjundiai.com.br\/news\/wp-json\/wp\/v2\/types\/post"}],"author":[{"embeddable":true,"href":"https:\/\/tvtecjundiai.com.br\/news\/wp-json\/wp\/v2\/users\/18"}],"replies":[{"embeddable":true,"href":"https:\/\/tvtecjundiai.com.br\/news\/wp-json\/wp\/v2\/comments?post=57080"}],"version-history":[{"count":1,"href":"https:\/\/tvtecjundiai.com.br\/news\/wp-json\/wp\/v2\/posts\/57080\/revisions"}],"predecessor-version":[{"id":57125,"href":"https:\/\/tvtecjundiai.com.br\/news\/wp-json\/wp\/v2\/posts\/57080\/revisions\/57125"}],"wp:featuredmedia":[{"embeddable":true,"href":"https:\/\/tvtecjundiai.com.br\/news\/wp-json\/wp\/v2\/media\/57124"}],"wp:attachment":[{"href":"https:\/\/tvtecjundiai.com.br\/news\/wp-json\/wp\/v2\/media?parent=57080"}],"wp:term":[{"taxonomy":"category","embeddable":true,"href":"https:\/\/tvtecjundiai.com.br\/news\/wp-json\/wp\/v2\/categories?post=57080"},{"taxonomy":"post_tag","embeddable":true,"href":"https:\/\/tvtecjundiai.com.br\/news\/wp-json\/wp\/v2\/tags?post=57080"}],"curies":[{"name":"wp","href":"https:\/\/api.w.org\/{rel}","templated":true}]}}