{"id":57176,"date":"2020-06-05T08:57:44","date_gmt":"2020-06-05T11:57:44","guid":{"rendered":"https:\/\/tvtecjundiai.com.br\/news\/?p=57176"},"modified":"2020-06-05T10:10:04","modified_gmt":"2020-06-05T13:10:04","slug":"pandemia-reforca-a-importancia-de-praticas-sustentaveis","status":"publish","type":"post","link":"https:\/\/tvtecjundiai.com.br\/news\/2020\/06\/05\/pandemia-reforca-a-importancia-de-praticas-sustentaveis\/","title":{"rendered":"Pandemia refor\u00e7a a import\u00e2ncia de pr\u00e1ticas sustent\u00e1veis"},"content":{"rendered":"<div id=\"attachment_57180\" style=\"width: 420px\" class=\"wp-caption alignright\"><a href=\"https:\/\/tvtecjundiai.com.br\/news\/wp-content\/uploads\/sites\/2\/2020\/06\/1-3.jpg\"><img loading=\"lazy\" decoding=\"async\" aria-describedby=\"caption-attachment-57180\" class=\"wp-image-57180\" src=\"https:\/\/tvtecjundiai.com.br\/news\/wp-content\/uploads\/sites\/2\/2020\/06\/1-3-300x199.jpg\" alt=\"\" width=\"410\" height=\"272\" srcset=\"https:\/\/tvtecjundiai.com.br\/news\/wp-content\/uploads\/sites\/2\/2020\/06\/1-3-300x199.jpg 300w, https:\/\/tvtecjundiai.com.br\/news\/wp-content\/uploads\/sites\/2\/2020\/06\/1-3-768x510.jpg 768w, https:\/\/tvtecjundiai.com.br\/news\/wp-content\/uploads\/sites\/2\/2020\/06\/1-3-1200x797.jpg 1200w, https:\/\/tvtecjundiai.com.br\/news\/wp-content\/uploads\/sites\/2\/2020\/06\/1-3.jpg 1240w\" sizes=\"auto, (max-width: 410px) 100vw, 410px\" \/><\/a><p id=\"caption-attachment-57180\" class=\"wp-caption-text\">\u201cPreserva\u00e7\u00e3o da Serra do Japi tem sido garantida pelas a\u00e7\u00f5es da popula\u00e7\u00e3o e da prefeitura\u201d, diz Sin\u00e9sio<\/p><\/div>\n<p>O Dia Internacional do Meio Ambiente \u00e9 celebrado nesta sexta-feira (5). A data foi institu\u00edda em 1972 durante a Confer\u00eancia das Na\u00e7\u00f5es Unidas sobre o Meio Ambiente Humano.<\/p>\n<p>De acordo com Sin\u00e9sio Scarabello Filho, gestor da Unidade de Gest\u00e3o de Planejamento Urbano e Meio Ambiente (UGPUMA) de Jundia\u00ed, o isolamento causado pela pandemia do Coronav\u00edrus d\u00e1 oportunidade \u00e0s pessoas para irem al\u00e9m do simples aprendizado, mostrando que as mudan\u00e7as devem come\u00e7ar, necessariamente, por elas mesmas.<\/p>\n<p>O gestor tamb\u00e9m destaca a import\u00e2ncia da tecnologia na hora de contornar a quarentena e o isolamento impostos pelo v\u00edrus. Segundo ele, tem sido comum a comemora\u00e7\u00e3o da data com a realiza\u00e7\u00e3o de eventos virtuais que demonstram o valor da natureza, as pr\u00e1ticas sustent\u00e1veis e os danos que os seres humanos t\u00eam causado ao planeta.<\/p>\n<p><strong>Qualidade de vida<\/strong><\/p>\n<p>Entre as iniciativas da atual gest\u00e3o, destacam-se a institui\u00e7\u00e3o do pagamento por servi\u00e7os ambientais nas propriedades em \u00e1reas de mananciais; a elabora\u00e7\u00e3o dos planos municipais de saneamento e de recursos h\u00eddricos pela DAE S\/A; a cria\u00e7\u00e3o de normas para promover a regulariza\u00e7\u00e3o de atividades de comercializa\u00e7\u00e3o de produtos artesanais associadas ao turismo rural; a revis\u00e3o do Plano Diretor, conclu\u00edda em 2019; a recupera\u00e7\u00e3o de pra\u00e7as e urbaniza\u00e7\u00e3o de \u00e1reas p\u00fablicas; a implanta\u00e7\u00e3o de novos trechos de ciclovias; a constru\u00e7\u00e3o do Parque da Crian\u00e7a pela DAE; e o desenvolvimento do concurso de requalifica\u00e7\u00e3o do Vale do Rio Jundia\u00ed, projetando a\u00e7\u00f5es de longo prazo ao longo de mais de 25 km do curso d\u2019\u00e1gua do rio.<\/p>\n<p>\u201cA preserva\u00e7\u00e3o da Serra do Japi tem sido garantida ao longo do tempo pelas a\u00e7\u00f5es da popula\u00e7\u00e3o local e da prefeitura. O apre\u00e7o dos mun\u00edcipes pelo territ\u00f3rio tem sido fundamental para a preserva\u00e7\u00e3o da serra\u201d, completou Sin\u00e9sio.<\/p>\n<p><em>(Fonte\/Foto: Prefeitura de Jundia\u00ed)<\/em><\/p>\n","protected":false},"excerpt":{"rendered":"<p>A preserva\u00e7\u00e3o da Serra do Japi tem sido garantida pelas a\u00e7\u00f5es da popula\u00e7\u00e3o e da prefeitura<\/p>\n","protected":false},"author":13,"featured_media":57180,"comment_status":"closed","ping_status":"closed","sticky":false,"template":"","format":"standard","meta":{"footnotes":""},"categories":[2834,3569,1],"tags":[7252,5,2137],"class_list":["post-57176","post","type-post","status-publish","format-standard","has-post-thumbnail","hentry","category-cidades","category-meio-ambiente","category-noticias","tag-dia-internacional-do-meio-ambiente","tag-jundiai","tag-serra-do-japi"],"_links":{"self":[{"href":"https:\/\/tvtecjundiai.com.br\/news\/wp-json\/wp\/v2\/posts\/57176","targetHints":{"allow":["GET"]}}],"collection":[{"href":"https:\/\/tvtecjundiai.com.br\/news\/wp-json\/wp\/v2\/posts"}],"about":[{"href":"https:\/\/tvtecjundiai.com.br\/news\/wp-json\/wp\/v2\/types\/post"}],"author":[{"embeddable":true,"href":"https:\/\/tvtecjundiai.com.br\/news\/wp-json\/wp\/v2\/users\/13"}],"replies":[{"embeddable":true,"href":"https:\/\/tvtecjundiai.com.br\/news\/wp-json\/wp\/v2\/comments?post=57176"}],"version-history":[{"count":2,"href":"https:\/\/tvtecjundiai.com.br\/news\/wp-json\/wp\/v2\/posts\/57176\/revisions"}],"predecessor-version":[{"id":57203,"href":"https:\/\/tvtecjundiai.com.br\/news\/wp-json\/wp\/v2\/posts\/57176\/revisions\/57203"}],"wp:featuredmedia":[{"embeddable":true,"href":"https:\/\/tvtecjundiai.com.br\/news\/wp-json\/wp\/v2\/media\/57180"}],"wp:attachment":[{"href":"https:\/\/tvtecjundiai.com.br\/news\/wp-json\/wp\/v2\/media?parent=57176"}],"wp:term":[{"taxonomy":"category","embeddable":true,"href":"https:\/\/tvtecjundiai.com.br\/news\/wp-json\/wp\/v2\/categories?post=57176"},{"taxonomy":"post_tag","embeddable":true,"href":"https:\/\/tvtecjundiai.com.br\/news\/wp-json\/wp\/v2\/tags?post=57176"}],"curies":[{"name":"wp","href":"https:\/\/api.w.org\/{rel}","templated":true}]}}