{"id":57184,"date":"2020-06-05T09:03:02","date_gmt":"2020-06-05T12:03:02","guid":{"rendered":"https:\/\/tvtecjundiai.com.br\/news\/?p=57184"},"modified":"2020-06-05T10:08:32","modified_gmt":"2020-06-05T13:08:32","slug":"numero-de-mortes-por-covid-19-no-brasil-chega-a-34-021","status":"publish","type":"post","link":"https:\/\/tvtecjundiai.com.br\/news\/2020\/06\/05\/numero-de-mortes-por-covid-19-no-brasil-chega-a-34-021\/","title":{"rendered":"N\u00famero de mortes por Covid-19 no Brasil chega a 34.021"},"content":{"rendered":"<div class=\"title\">\n<div id=\"attachment_57185\" style=\"width: 403px\" class=\"wp-caption alignright\"><a href=\"https:\/\/tvtecjundiai.com.br\/news\/wp-content\/uploads\/sites\/2\/2020\/06\/coronavirus-covid-19-03062020165832807.jpeg\"><img loading=\"lazy\" decoding=\"async\" aria-describedby=\"caption-attachment-57185\" class=\"wp-image-57185\" src=\"https:\/\/tvtecjundiai.com.br\/news\/wp-content\/uploads\/sites\/2\/2020\/06\/coronavirus-covid-19-03062020165832807-300x164.jpeg\" alt=\"\" width=\"393\" height=\"215\" srcset=\"https:\/\/tvtecjundiai.com.br\/news\/wp-content\/uploads\/sites\/2\/2020\/06\/coronavirus-covid-19-03062020165832807-300x164.jpeg 300w, https:\/\/tvtecjundiai.com.br\/news\/wp-content\/uploads\/sites\/2\/2020\/06\/coronavirus-covid-19-03062020165832807.jpeg 660w\" sizes=\"auto, (max-width: 393px) 100vw, 393px\" \/><\/a><p id=\"caption-attachment-57185\" class=\"wp-caption-text\">Nas \u00faltimas 24 horas, foram 1.473 registros \u2013 o maior balan\u00e7o di\u00e1rio pela terceira vez consecutiva<\/p><\/div>\n<p class=\"content-head__title\">O Brasil superou a It\u00e1lia em n\u00famero de mortos por complica\u00e7\u00f5es da Covid-19 na quinta-feira (4). Com mais um recorde di\u00e1rio de mortes, o pa\u00eds acumula 34.021 vidas perdidas durante a pandemia e est\u00e1 atr\u00e1s apenas do Reino Unido e dos Estados Unidos, segundo o balan\u00e7o mais recente do Minist\u00e9rio da Sa\u00fade.<\/p>\n<\/div>\n<div class=\"medium-centered subtitle\">\n<div class=\"wall protected-content\">\n<div class=\"mc-column content-text active-extra-styles \" data-block-type=\"unstyled\" data-block-weight=\"6\" data-block-id=\"3\">\n<p class=\"content-text__container \" data-track-category=\"Link no Texto\" data-track-links=\"\"><strong>Os principais dados do minist\u00e9rio s\u00e3o:<\/strong><\/p>\n<\/div>\n<div class=\"mc-column content-text active-extra-styles\" data-block-type=\"raw\" data-block-weight=\"43\" data-block-id=\"4\">\n<ul class=\"content-unordered-list\">\n<li><strong>34.021 mortes<\/strong>, eram 32.548 na quarta (3)<\/li>\n<li>Foram 1.473 registros de morte inclu\u00eddos em 24 horas<\/li>\n<li><strong>614.941 casos confirmados<\/strong>, eram 584.016 na quarta (3)<\/li>\n<li>Foram inclu\u00eddos 30.925 casos em 24 horas<\/li>\n<li>325.957 pacientes est\u00e3o em acompanhamento (53 %)<\/li>\n<li>259.963 pacientes est\u00e3o recuperados (41,5 %)<\/li>\n<\/ul>\n<\/div>\n<div class=\"mc-column content-text active-extra-styles \" data-block-type=\"unstyled\" data-block-weight=\"37\" data-block-id=\"5\">\n<p class=\"content-text__container \" data-track-category=\"Link no Texto\" data-track-links=\"\">O balan\u00e7o da quinta-feira, que foi divulgado por volta das 22 horas, registrou tamb\u00e9m 366 mortes que aconteceram nos \u00faltimos 3 dias. Al\u00e9m disso, segundo o Minist\u00e9rio da Sa\u00fade, h\u00e1 mais 4.159 suspeitas que est\u00e3o sob investiga\u00e7\u00e3o. O Brasil chegou a terceiro pa\u00eds com mais mortes no mundo 79 dias depois do registro da primeira v\u00edtima da Covid-19, em 17 de mar\u00e7o.<\/p>\n<\/div>\n<div class=\"mc-column content-text active-extra-styles \" data-block-type=\"unstyled\" data-block-weight=\"50\" data-block-id=\"9\">\n<p class=\"content-text__container \" data-track-category=\"Link no Texto\" data-track-links=\"\">No mundo inteiro a pandemia j\u00e1 fez cerca de 389,6 mil mortes, de acordo com o painel da universidade norte-americana Johns Hopkins. A doen\u00e7a come\u00e7ou na China, que hoje tem pouco mais de 4,6 mil mortes. O pa\u00eds asi\u00e1tico mais atingido \u00e9 o Ir\u00e3, com mais de 8 mil \u00f3bitos.<\/p>\n<p data-track-category=\"Link no Texto\" data-track-links=\"\"><em>(Fonte: G1\/Foto: Reprodu\u00e7\u00e3o)<\/em><\/p>\n<\/div>\n<\/div>\n<\/div>\n","protected":false},"excerpt":{"rendered":"<p>Nas \u00faltimas 24 horas, foram 1.473 registros \u2013 o maior balan\u00e7o di\u00e1rio pela terceira vez consecutiva <\/p>\n","protected":false},"author":13,"featured_media":57185,"comment_status":"closed","ping_status":"closed","sticky":false,"template":"","format":"standard","meta":{"footnotes":""},"categories":[1,2839],"tags":[1903,6242],"class_list":["post-57184","post","type-post","status-publish","format-standard","has-post-thumbnail","hentry","category-noticias","category-saude","tag-brasil","tag-coronavirus"],"_links":{"self":[{"href":"https:\/\/tvtecjundiai.com.br\/news\/wp-json\/wp\/v2\/posts\/57184","targetHints":{"allow":["GET"]}}],"collection":[{"href":"https:\/\/tvtecjundiai.com.br\/news\/wp-json\/wp\/v2\/posts"}],"about":[{"href":"https:\/\/tvtecjundiai.com.br\/news\/wp-json\/wp\/v2\/types\/post"}],"author":[{"embeddable":true,"href":"https:\/\/tvtecjundiai.com.br\/news\/wp-json\/wp\/v2\/users\/13"}],"replies":[{"embeddable":true,"href":"https:\/\/tvtecjundiai.com.br\/news\/wp-json\/wp\/v2\/comments?post=57184"}],"version-history":[{"count":3,"href":"https:\/\/tvtecjundiai.com.br\/news\/wp-json\/wp\/v2\/posts\/57184\/revisions"}],"predecessor-version":[{"id":57202,"href":"https:\/\/tvtecjundiai.com.br\/news\/wp-json\/wp\/v2\/posts\/57184\/revisions\/57202"}],"wp:featuredmedia":[{"embeddable":true,"href":"https:\/\/tvtecjundiai.com.br\/news\/wp-json\/wp\/v2\/media\/57185"}],"wp:attachment":[{"href":"https:\/\/tvtecjundiai.com.br\/news\/wp-json\/wp\/v2\/media?parent=57184"}],"wp:term":[{"taxonomy":"category","embeddable":true,"href":"https:\/\/tvtecjundiai.com.br\/news\/wp-json\/wp\/v2\/categories?post=57184"},{"taxonomy":"post_tag","embeddable":true,"href":"https:\/\/tvtecjundiai.com.br\/news\/wp-json\/wp\/v2\/tags?post=57184"}],"curies":[{"name":"wp","href":"https:\/\/api.w.org\/{rel}","templated":true}]}}