{"id":57188,"date":"2020-06-05T17:52:27","date_gmt":"2020-06-05T20:52:27","guid":{"rendered":"https:\/\/tvtecjundiai.com.br\/news\/?p=57188"},"modified":"2020-06-05T18:16:57","modified_gmt":"2020-06-05T21:16:57","slug":"tvtec-tem-inscricoes-para-workshops-de-midias-sociais-fotografia-e-muito-mais-nesta-terca-9","status":"publish","type":"post","link":"https:\/\/tvtecjundiai.com.br\/news\/2020\/06\/05\/tvtec-tem-inscricoes-para-workshops-de-midias-sociais-fotografia-e-muito-mais-nesta-terca-9\/","title":{"rendered":"TVTEC abre 140 vagas para workshops online na ter\u00e7a (9)"},"content":{"rendered":"<div id=\"attachment_57192\" style=\"width: 439px\" class=\"wp-caption alignright\"><a href=\"https:\/\/tvtecjundiai.com.br\/news\/wp-content\/uploads\/sites\/2\/2020\/06\/people-2574455_1920.jpg\"><img loading=\"lazy\" decoding=\"async\" aria-describedby=\"caption-attachment-57192\" class=\" wp-image-57192\" src=\"https:\/\/tvtecjundiai.com.br\/news\/wp-content\/uploads\/sites\/2\/2020\/06\/people-2574455_1920-300x200.jpg\" alt=\"\" width=\"429\" height=\"286\" srcset=\"https:\/\/tvtecjundiai.com.br\/news\/wp-content\/uploads\/sites\/2\/2020\/06\/people-2574455_1920-300x200.jpg 300w, https:\/\/tvtecjundiai.com.br\/news\/wp-content\/uploads\/sites\/2\/2020\/06\/people-2574455_1920-768x512.jpg 768w, https:\/\/tvtecjundiai.com.br\/news\/wp-content\/uploads\/sites\/2\/2020\/06\/people-2574455_1920-1200x800.jpg 1200w, https:\/\/tvtecjundiai.com.br\/news\/wp-content\/uploads\/sites\/2\/2020\/06\/people-2574455_1920.jpg 1280w\" sizes=\"auto, (max-width: 429px) 100vw, 429px\" \/><\/a><p id=\"caption-attachment-57192\" class=\"wp-caption-text\">O terceiro lote de inscri\u00e7\u00f5es ser\u00e1 na pr\u00f3xima ter\u00e7a-feira (9), \u00e0s 11h<\/p><\/div>\n<p>A TVTEC Jundia\u00ed abre mais 140 vagas em workshops gratuitos e online. No terceiro lote com inscri\u00e7\u00f5es na pr\u00f3xima ter\u00e7a-feira (9), \u00e0s 11h, estar\u00e3o dispon\u00edveis aulas de: <em>Fotografia B\u00e1sica e Urbana, Cria\u00e7\u00e3o de Conte\u00fado para Redes Sociais, Edi\u00e7\u00e3o de Foto na Pr\u00e1tica<\/em> e muito mais.<\/p>\n<p>Essa iniciativa faz parte do Programa <em>Jundia\u00ed Empreendedora<\/em>, idealizado pela Prefeitura de Jundia\u00ed, em parceria com mais de 20 organiza\u00e7\u00f5es que apoiam empreendedores locais em meio \u00e0 crise causada pela pandemia do Coronav\u00edrus. O projeto TVTEC Class conta com um grande cat\u00e1logo de cursos de forma\u00e7\u00e3o realizados ao vivo, por meio de web aulas.<\/p>\n<p>Abaixo voc\u00ea confere o cronograma completo de aulas do 3\u00ba lote, com inscri\u00e7\u00f5es na ter\u00e7a-feira (9), \u00e0s 11h. O link para inscri\u00e7\u00f5es est\u00e1 dispon\u00edvel no <a href=\"https:\/\/www.facebook.com\/events\/564671160901643\">evento oficial do Facebook<\/a> ou no <a href=\"https:\/\/tvtecjundiai.com.br\/inscricoes-abertas-junho-2020\/\">site da TVTEC<\/a>.<\/p>\n<ul>\n<li><strong>Cria\u00e7\u00e3o de Conte\u00fado Para Redes Sociais<\/strong><br \/>\nAulas: 15 e 17\/06 &#8211; 14h \u00e0s 15h30<\/li>\n<li><strong>Fotografia B\u00e1sica e Urbana<\/strong><br \/>\nAulas: 15 e 17\/06 &#8211; 14h \u00e0s 15h30<\/li>\n<li><strong>Edi\u00e7\u00e3o de Foto Na Pr\u00e1tica<\/strong><br \/>\nAulas: 16 e 18\/06 &#8211; 10h30 \u00e0s 11h30<\/li>\n<li><strong>Instagram Performance<\/strong><br \/>\nAulas: 16 e 18\/06 &#8211; 14h \u00e0s 15h30<\/li>\n<li><strong>Edi\u00e7\u00e3o de V\u00eddeos Criativos Com Celular<\/strong><br \/>\nAulas: 16 e 18\/06 &#8211; 14h \u00e0s 15h30<\/li>\n<li><strong>Empreendedorismo Para Pequenos Neg\u00f3cios<\/strong><br \/>\nAulas: 17 e 19\/06 &#8211; 10h \u00e0s 11h30<\/li>\n<li><strong>Edi\u00e7\u00e3o de V\u00eddeo Express<\/strong><br \/>\nAulas: 17 e 19 &#8211; 10h \u00e0s 11h30<\/li>\n<\/ul>\n<p><em>\u00c9 importante ressaltar que o cronograma de aulas poder\u00e1 sofrer altera\u00e7\u00f5es sem aviso pr\u00e9vio.\u00a0<\/em><\/p>\n<p><em>(Texto: Equipe TVTEC\/Foto: Pixabay)<\/em><\/p>\n","protected":false},"excerpt":{"rendered":"<p>Interessados devem se inscrever no site da TVTEC a partir das 11 horas<\/p>\n","protected":false},"author":13,"featured_media":57189,"comment_status":"closed","ping_status":"closed","sticky":false,"template":"","format":"standard","meta":{"footnotes":""},"categories":[2834,2832,29,2828,5038,1],"tags":[7001,702,7253],"class_list":["post-57188","post","type-post","status-publish","format-standard","has-post-thumbnail","hentry","category-cidades","category-cursos","category-destaque","category-educacao","category-emprego","category-noticias","tag-tvtec-class","tag-tvtec-jundiai","tag-workshops-online-e-gratuitos"],"_links":{"self":[{"href":"https:\/\/tvtecjundiai.com.br\/news\/wp-json\/wp\/v2\/posts\/57188","targetHints":{"allow":["GET"]}}],"collection":[{"href":"https:\/\/tvtecjundiai.com.br\/news\/wp-json\/wp\/v2\/posts"}],"about":[{"href":"https:\/\/tvtecjundiai.com.br\/news\/wp-json\/wp\/v2\/types\/post"}],"author":[{"embeddable":true,"href":"https:\/\/tvtecjundiai.com.br\/news\/wp-json\/wp\/v2\/users\/13"}],"replies":[{"embeddable":true,"href":"https:\/\/tvtecjundiai.com.br\/news\/wp-json\/wp\/v2\/comments?post=57188"}],"version-history":[{"count":10,"href":"https:\/\/tvtecjundiai.com.br\/news\/wp-json\/wp\/v2\/posts\/57188\/revisions"}],"predecessor-version":[{"id":57314,"href":"https:\/\/tvtecjundiai.com.br\/news\/wp-json\/wp\/v2\/posts\/57188\/revisions\/57314"}],"wp:featuredmedia":[{"embeddable":true,"href":"https:\/\/tvtecjundiai.com.br\/news\/wp-json\/wp\/v2\/media\/57189"}],"wp:attachment":[{"href":"https:\/\/tvtecjundiai.com.br\/news\/wp-json\/wp\/v2\/media?parent=57188"}],"wp:term":[{"taxonomy":"category","embeddable":true,"href":"https:\/\/tvtecjundiai.com.br\/news\/wp-json\/wp\/v2\/categories?post=57188"},{"taxonomy":"post_tag","embeddable":true,"href":"https:\/\/tvtecjundiai.com.br\/news\/wp-json\/wp\/v2\/tags?post=57188"}],"curies":[{"name":"wp","href":"https:\/\/api.w.org\/{rel}","templated":true}]}}