{"id":57276,"date":"2020-06-05T15:33:19","date_gmt":"2020-06-05T18:33:19","guid":{"rendered":"https:\/\/tvtecjundiai.com.br\/news\/?p=57276"},"modified":"2020-06-05T15:34:37","modified_gmt":"2020-06-05T18:34:37","slug":"hsv-cria-programa-de-comunicacao-com-familiares-de-internados-por-covid-19","status":"publish","type":"post","link":"https:\/\/tvtecjundiai.com.br\/news\/2020\/06\/05\/hsv-cria-programa-de-comunicacao-com-familiares-de-internados-por-covid-19\/","title":{"rendered":"HSV cria programa de comunica\u00e7\u00e3o com familiares de internados por Covid-19"},"content":{"rendered":"<div id=\"attachment_57277\" style=\"width: 457px\" class=\"wp-caption alignright\"><a href=\"https:\/\/tvtecjundiai.com.br\/news\/wp-content\/uploads\/sites\/2\/2020\/06\/Enfermeiros-psic\u00f3logos-e-assistentes-sociais-fazem-parte-do-grupo.jpg\"><img loading=\"lazy\" decoding=\"async\" aria-describedby=\"caption-attachment-57277\" class=\"wp-image-57277\" src=\"https:\/\/tvtecjundiai.com.br\/news\/wp-content\/uploads\/sites\/2\/2020\/06\/Enfermeiros-psic\u00f3logos-e-assistentes-sociais-fazem-parte-do-grupo-300x206.jpg\" alt=\"\" width=\"447\" height=\"307\" srcset=\"https:\/\/tvtecjundiai.com.br\/news\/wp-content\/uploads\/sites\/2\/2020\/06\/Enfermeiros-psic\u00f3logos-e-assistentes-sociais-fazem-parte-do-grupo-300x206.jpg 300w, https:\/\/tvtecjundiai.com.br\/news\/wp-content\/uploads\/sites\/2\/2020\/06\/Enfermeiros-psic\u00f3logos-e-assistentes-sociais-fazem-parte-do-grupo-768x529.jpg 768w, https:\/\/tvtecjundiai.com.br\/news\/wp-content\/uploads\/sites\/2\/2020\/06\/Enfermeiros-psic\u00f3logos-e-assistentes-sociais-fazem-parte-do-grupo-1200x826.jpg 1200w, https:\/\/tvtecjundiai.com.br\/news\/wp-content\/uploads\/sites\/2\/2020\/06\/Enfermeiros-psic\u00f3logos-e-assistentes-sociais-fazem-parte-do-grupo.jpg 1280w\" sizes=\"auto, (max-width: 447px) 100vw, 447px\" \/><\/a><p id=\"caption-attachment-57277\" class=\"wp-caption-text\">O contato \u00e9 feito por uma equipe que conta com enfermeiros, psic\u00f3logos e assistentes sociais<\/p><\/div>\n<p style=\"font-weight: 400;\">Desde o in\u00edcio da pandemia covid-19, o Hospital de Caridade S\u00e3o Vicente de Paulo (HSV) busca no dia a dia aperfei\u00e7oar a assist\u00eancia prestada aos pacientes diante desta nova realidade. Um dos pontos principais \u00e9 a humaniza\u00e7\u00e3o, por isso novas ideias s\u00e3o implantadas frequentemente, com muito crit\u00e9rio e cuidado. Nesta semana o hospital deu in\u00edcio ao Programa de Comunica\u00e7\u00e3o com o Familiar, que objetiva estabelecer uma rotina de contato a fim de passar informa\u00e7\u00f5es dos pacientes covid-19, que est\u00e3o em isolamento no hospital.<\/p>\n<p style=\"font-weight: 400;\">A ideia do m\u00e9dico intensivista Eduardo Renn\u00f3, tem coordena\u00e7\u00e3o da psic\u00f3loga Caroline Alves. O contato \u00e9 feito por uma equipe multidisciplinar, que conta com enfermeiros, psic\u00f3logos e assistentes sociais. A fam\u00edlia define quem ser\u00e1 o familiar de refer\u00eancia, que receber\u00e1 liga\u00e7\u00f5es di\u00e1rias. \u201cAs primeiras informa\u00e7\u00f5es s\u00e3o passadas pessoalmente, no momento da interna\u00e7\u00e3o do paciente. Depois de 24 horas, \u00e9 feito o primeiro contato telef\u00f4nico pela equipe multidisciplinar, entre \u00e0s 9h e 15h. Neste primeiro contato s\u00e3o passadas diversas informa\u00e7\u00f5es, tais como orienta\u00e7\u00f5es de isolamento, se outras pessoas pr\u00f3ximas est\u00e3o com algum sintoma e at\u00e9 esclarecimentos sobre recebimento de benef\u00edcios, tendo em vista que em muitos casos o paciente \u00e9 arrimo de fam\u00edlia\u201d, explica a psic\u00f3loga.<\/p>\n<p style=\"font-weight: 400;\">Ap\u00f3s este contato inicial, o familiar passa a receber diariamente a liga\u00e7\u00e3o da equipe m\u00e9dica, a partir das 13h.\u00a0 \u201cOs familiares ficam ansiosos e angustiados em obter informa\u00e7\u00f5es dos pacientes, principalmente pelo isolamento, que n\u00e3o permite nenhum tipo de visita. Com esta iniciativa, queremos estabelecer um v\u00ednculo de confian\u00e7a, deix\u00e1-los a par de tudo o que est\u00e1 ocorrendo e quais condutas est\u00e3o sendo adotadas, reduzir ao m\u00e1ximo, na medida do poss\u00edvel, os impactos do distanciamento\u201d, salienta a psic\u00f3loga coordenadora do projeto&#8221;.<\/p>\n<p style=\"font-weight: 400;\"><em>(Fonte\/Foto: Assessoria de Imprensa HSV)<\/em><\/p>\n","protected":false},"excerpt":{"rendered":"<p>O contato \u00e9 feito por uma equipe que conta com enfermeiros, psic\u00f3logos e assistentes sociais <\/p>\n","protected":false},"author":13,"featured_media":57277,"comment_status":"closed","ping_status":"closed","sticky":false,"template":"","format":"standard","meta":{"footnotes":""},"categories":[2834,1],"tags":[6242,2204,5],"class_list":["post-57276","post","type-post","status-publish","format-standard","has-post-thumbnail","hentry","category-cidades","category-noticias","tag-coronavirus","tag-hsv","tag-jundiai"],"_links":{"self":[{"href":"https:\/\/tvtecjundiai.com.br\/news\/wp-json\/wp\/v2\/posts\/57276","targetHints":{"allow":["GET"]}}],"collection":[{"href":"https:\/\/tvtecjundiai.com.br\/news\/wp-json\/wp\/v2\/posts"}],"about":[{"href":"https:\/\/tvtecjundiai.com.br\/news\/wp-json\/wp\/v2\/types\/post"}],"author":[{"embeddable":true,"href":"https:\/\/tvtecjundiai.com.br\/news\/wp-json\/wp\/v2\/users\/13"}],"replies":[{"embeddable":true,"href":"https:\/\/tvtecjundiai.com.br\/news\/wp-json\/wp\/v2\/comments?post=57276"}],"version-history":[{"count":3,"href":"https:\/\/tvtecjundiai.com.br\/news\/wp-json\/wp\/v2\/posts\/57276\/revisions"}],"predecessor-version":[{"id":57282,"href":"https:\/\/tvtecjundiai.com.br\/news\/wp-json\/wp\/v2\/posts\/57276\/revisions\/57282"}],"wp:featuredmedia":[{"embeddable":true,"href":"https:\/\/tvtecjundiai.com.br\/news\/wp-json\/wp\/v2\/media\/57277"}],"wp:attachment":[{"href":"https:\/\/tvtecjundiai.com.br\/news\/wp-json\/wp\/v2\/media?parent=57276"}],"wp:term":[{"taxonomy":"category","embeddable":true,"href":"https:\/\/tvtecjundiai.com.br\/news\/wp-json\/wp\/v2\/categories?post=57276"},{"taxonomy":"post_tag","embeddable":true,"href":"https:\/\/tvtecjundiai.com.br\/news\/wp-json\/wp\/v2\/tags?post=57276"}],"curies":[{"name":"wp","href":"https:\/\/api.w.org\/{rel}","templated":true}]}}