{"id":57459,"date":"2020-06-08T15:09:24","date_gmt":"2020-06-08T18:09:24","guid":{"rendered":"https:\/\/tvtecjundiai.com.br\/news\/?p=57459"},"modified":"2020-06-08T16:13:54","modified_gmt":"2020-06-08T19:13:54","slug":"alunos-enviam-cartinhas-de-carinho-e-esperanca-para-idosos-em-isolamento","status":"publish","type":"post","link":"https:\/\/tvtecjundiai.com.br\/news\/2020\/06\/08\/alunos-enviam-cartinhas-de-carinho-e-esperanca-para-idosos-em-isolamento\/","title":{"rendered":"Alunos enviam cartinhas de carinho e esperan\u00e7a para idosos em isolamento"},"content":{"rendered":"<div id=\"attachment_57461\" style=\"width: 463px\" class=\"wp-caption alignright\"><a href=\"https:\/\/tvtecjundiai.com.br\/news\/wp-content\/uploads\/sites\/2\/2020\/06\/Design-sem-nome-1-2.jpg\"><img loading=\"lazy\" decoding=\"async\" aria-describedby=\"caption-attachment-57461\" class=\"wp-image-57461\" src=\"https:\/\/tvtecjundiai.com.br\/news\/wp-content\/uploads\/sites\/2\/2020\/06\/Design-sem-nome-1-2-300x169.jpg\" alt=\"\" width=\"453\" height=\"255\" srcset=\"https:\/\/tvtecjundiai.com.br\/news\/wp-content\/uploads\/sites\/2\/2020\/06\/Design-sem-nome-1-2-300x169.jpg 300w, https:\/\/tvtecjundiai.com.br\/news\/wp-content\/uploads\/sites\/2\/2020\/06\/Design-sem-nome-1-2-768x432.jpg 768w, https:\/\/tvtecjundiai.com.br\/news\/wp-content\/uploads\/sites\/2\/2020\/06\/Design-sem-nome-1-2-1200x675.jpg 1200w, https:\/\/tvtecjundiai.com.br\/news\/wp-content\/uploads\/sites\/2\/2020\/06\/Design-sem-nome-1-2.jpg 1280w\" sizes=\"auto, (max-width: 453px) 100vw, 453px\" \/><\/a><p id=\"caption-attachment-57461\" class=\"wp-caption-text\">A distribui\u00e7\u00e3o do material foi registrada pelos respons\u00e1veis das casas de repouso para que os estudantes possam acompanhar o efeito da a\u00e7\u00e3o.<\/p><\/div>\n<p>O\u00a0isolamento social\u00a0tem sido uma tarefa emocionalmente desafiadora durante a pandemia do\u00a0Coronav\u00edrus. E para os idosos a palavra isolamento ganhou um significado ainda mais duro. Milhares deles vivem em casas de repouso e est\u00e3o impossibilitados de receber visitas de familiares, privados do abra\u00e7o de filhos e netos \u2014 medida necess\u00e1ria para reduzir os riscos a um grupo particularmente vulner\u00e1vel.<\/p>\n<p>Em uma a\u00e7\u00e3o que mobilizou v\u00e1rios col\u00e9gios do pa\u00eds, alunos produziram mais de 400 cartas, cartazes e v\u00eddeos que foram enviados durante todo o m\u00eas de maio aos idosos em abrigos nas cidades de S\u00e3o Paulo, Rio de Janeiro, Recife e Bras\u00edlia.<\/p>\n<p>A ideia \u00e9 de levar, nesse momento t\u00e3o dif\u00edcil, um pouco de alegria, amor, carinho e esperan\u00e7a aos idosos e, ao mesmo tempo, trabalhar nos estudantes valores fundamentais como solidariedade e empatia. A distribui\u00e7\u00e3o do material foi registrada pelos respons\u00e1veis das casas de repouso para que os estudantes possam acompanhar o efeito da a\u00e7\u00e3o.<\/p>\n<div class=\"content-gallery position-relative mb-3\">\n<div id=\"tns-selector-1954175873-ow\" class=\"tns-outer\">\n<div class=\"tns-controls\" tabindex=\"0\" aria-label=\"Carousel Navigation\">\n<div id=\"arroba-header-post\" data-iab-tag=\"300x250\" data-mad=\"\" data-mad-adunit=\"\/3781540\/catracalivre_educacao\/medium-rectangle\" data-mad-size=\"[300,250]\" data-mad-auto-refresh-in-seconds=\"30\" data-mad-auto-refresh-limit=\"5\" data-google-query-id=\"CJDMo77b8ukCFU_Q4QodRswHqg\"><em>(Fonte: Catraca Livre\/Foto: Divulga\u00e7\u00e3o)<\/em><\/div>\n<\/div>\n<\/div>\n<\/div>\n","protected":false},"excerpt":{"rendered":"<p>Mais de 400 cartas, cartazes, e v\u00eddeos foram enviados aos idosos <\/p>\n","protected":false},"author":13,"featured_media":57460,"comment_status":"closed","ping_status":"closed","sticky":false,"template":"","format":"standard","meta":{"footnotes":""},"categories":[2828,1,2839],"tags":[7283,6242,871,6507,6511],"class_list":["post-57459","post","type-post","status-publish","format-standard","has-post-thumbnail","hentry","category-educacao","category-noticias","category-saude","tag-cartinhas","tag-coronavirus","tag-idosos","tag-isolamento-social","tag-pandemia"],"_links":{"self":[{"href":"https:\/\/tvtecjundiai.com.br\/news\/wp-json\/wp\/v2\/posts\/57459","targetHints":{"allow":["GET"]}}],"collection":[{"href":"https:\/\/tvtecjundiai.com.br\/news\/wp-json\/wp\/v2\/posts"}],"about":[{"href":"https:\/\/tvtecjundiai.com.br\/news\/wp-json\/wp\/v2\/types\/post"}],"author":[{"embeddable":true,"href":"https:\/\/tvtecjundiai.com.br\/news\/wp-json\/wp\/v2\/users\/13"}],"replies":[{"embeddable":true,"href":"https:\/\/tvtecjundiai.com.br\/news\/wp-json\/wp\/v2\/comments?post=57459"}],"version-history":[{"count":4,"href":"https:\/\/tvtecjundiai.com.br\/news\/wp-json\/wp\/v2\/posts\/57459\/revisions"}],"predecessor-version":[{"id":57476,"href":"https:\/\/tvtecjundiai.com.br\/news\/wp-json\/wp\/v2\/posts\/57459\/revisions\/57476"}],"wp:featuredmedia":[{"embeddable":true,"href":"https:\/\/tvtecjundiai.com.br\/news\/wp-json\/wp\/v2\/media\/57460"}],"wp:attachment":[{"href":"https:\/\/tvtecjundiai.com.br\/news\/wp-json\/wp\/v2\/media?parent=57459"}],"wp:term":[{"taxonomy":"category","embeddable":true,"href":"https:\/\/tvtecjundiai.com.br\/news\/wp-json\/wp\/v2\/categories?post=57459"},{"taxonomy":"post_tag","embeddable":true,"href":"https:\/\/tvtecjundiai.com.br\/news\/wp-json\/wp\/v2\/tags?post=57459"}],"curies":[{"name":"wp","href":"https:\/\/api.w.org\/{rel}","templated":true}]}}