{"id":57722,"date":"2020-06-10T14:38:21","date_gmt":"2020-06-10T17:38:21","guid":{"rendered":"https:\/\/tvtecjundiai.com.br\/news\/?p=57722"},"modified":"2020-06-10T16:42:20","modified_gmt":"2020-06-10T19:42:20","slug":"confira-as-vagas-disponiveis-no-portal-da-empregabilidade-de-jundiai-1","status":"publish","type":"post","link":"https:\/\/tvtecjundiai.com.br\/news\/2020\/06\/10\/confira-as-vagas-disponiveis-no-portal-da-empregabilidade-de-jundiai-1\/","title":{"rendered":"Confira as vagas dispon\u00edveis no Portal da Empregabilidade de Jundia\u00ed"},"content":{"rendered":"<div id=\"attachment_57727\" style=\"width: 414px\" class=\"wp-caption alignleft\"><a href=\"https:\/\/tvtecjundiai.com.br\/news\/wp-content\/uploads\/sites\/2\/2020\/06\/ajudante-de-carga-e-descarga-em-sao-jose-dos-pinhais.jpg\"><img loading=\"lazy\" decoding=\"async\" aria-describedby=\"caption-attachment-57727\" class=\"wp-image-57727\" src=\"https:\/\/tvtecjundiai.com.br\/news\/wp-content\/uploads\/sites\/2\/2020\/06\/ajudante-de-carga-e-descarga-em-sao-jose-dos-pinhais-300x200.jpg\" alt=\"\" width=\"404\" height=\"269\" srcset=\"https:\/\/tvtecjundiai.com.br\/news\/wp-content\/uploads\/sites\/2\/2020\/06\/ajudante-de-carga-e-descarga-em-sao-jose-dos-pinhais-300x200.jpg 300w, https:\/\/tvtecjundiai.com.br\/news\/wp-content\/uploads\/sites\/2\/2020\/06\/ajudante-de-carga-e-descarga-em-sao-jose-dos-pinhais.jpg 600w\" sizes=\"auto, (max-width: 404px) 100vw, 404px\" \/><\/a><p id=\"caption-attachment-57727\" class=\"wp-caption-text\">Interessados devem fazer o cadastro diretamente no site<\/p><\/div>\n<p>O <a href=\"https:\/\/web.jundiai.sp.gov.br\/PMJ\/emprega\/Vaga\">Portal da Empregabilidade de Jundia\u00ed<\/a> disponibilizou 40 vagas de emprego para Ajudante Operacional na Prestar Advances Servi\u00e7os.<\/p>\n<p>Os interessados devem fazer o cadastro at\u00e9 o dia 16\/06, diretamente no site <strong>(<a href=\"https:\/\/web.cijun.sp.gov.br\/PMJ\/LOGIN\/v1\/main.html?rand=20200519#\/?value=bW9kbz1jcGZjbnBqJnVybFJlZGlyZWN0PWh0dHBzOi8vd2ViLmp1bmRpYWkuc3AuZ292LmJyL1BNSi9FTVBSRUdBL1ZhZ2E%3D\">clique aqui<\/a>)<\/strong>.<\/p>\n<p>Al\u00e9m disso, a MKF Servi\u00e7os Administrativos Eirelli tamb\u00e9m est\u00e1 com <a href=\"https:\/\/web.cijun.sp.gov.br\/PMJ\/LOGIN\/v1\/main.html?rand=20200519#\/?value=bW9kbz1jcGZjbnBqJnVybFJlZGlyZWN0PWh0dHBzOi8vd2ViLmp1bmRpYWkuc3AuZ292LmJyL1BNSi9FTVBSRUdBL1ZhZ2E%3D\">1 vaga dispon\u00edvel<\/a> para Cozinheira (o), sendo necess\u00e1rio que o candidato tenha experi\u00eancia no pr\u00e9-preparo e preparo de refei\u00e7\u00f5es de cozinha industrial e habilidade para preparar em m\u00e9dia 50 refei\u00e7\u00f5es di\u00e1rias.<\/p>\n<p><em>(Fonte: Portal da Empregabilidade\/Fotos: Reprodu\u00e7\u00e3o Internet)<\/em><\/p>\n<div class=\"row mb-3\">\n<div class=\"col-12\"><\/div>\n<\/div>\n<div class=\"row\"><\/div>\n<p>&nbsp;<\/p>\n","protected":false},"excerpt":{"rendered":"<p>Interessados devem fazer o cadastro diretamente no site <\/p>\n","protected":false},"author":13,"featured_media":57780,"comment_status":"closed","ping_status":"closed","sticky":false,"template":"","format":"standard","meta":{"footnotes":""},"categories":[2829,5038,1],"tags":[5,7090,110],"class_list":["post-57722","post","type-post","status-publish","format-standard","has-post-thumbnail","hentry","category-economia","category-emprego","category-noticias","tag-jundiai","tag-portal-da-empregabilidade","tag-vagas"],"_links":{"self":[{"href":"https:\/\/tvtecjundiai.com.br\/news\/wp-json\/wp\/v2\/posts\/57722","targetHints":{"allow":["GET"]}}],"collection":[{"href":"https:\/\/tvtecjundiai.com.br\/news\/wp-json\/wp\/v2\/posts"}],"about":[{"href":"https:\/\/tvtecjundiai.com.br\/news\/wp-json\/wp\/v2\/types\/post"}],"author":[{"embeddable":true,"href":"https:\/\/tvtecjundiai.com.br\/news\/wp-json\/wp\/v2\/users\/13"}],"replies":[{"embeddable":true,"href":"https:\/\/tvtecjundiai.com.br\/news\/wp-json\/wp\/v2\/comments?post=57722"}],"version-history":[{"count":4,"href":"https:\/\/tvtecjundiai.com.br\/news\/wp-json\/wp\/v2\/posts\/57722\/revisions"}],"predecessor-version":[{"id":57782,"href":"https:\/\/tvtecjundiai.com.br\/news\/wp-json\/wp\/v2\/posts\/57722\/revisions\/57782"}],"wp:featuredmedia":[{"embeddable":true,"href":"https:\/\/tvtecjundiai.com.br\/news\/wp-json\/wp\/v2\/media\/57780"}],"wp:attachment":[{"href":"https:\/\/tvtecjundiai.com.br\/news\/wp-json\/wp\/v2\/media?parent=57722"}],"wp:term":[{"taxonomy":"category","embeddable":true,"href":"https:\/\/tvtecjundiai.com.br\/news\/wp-json\/wp\/v2\/categories?post=57722"},{"taxonomy":"post_tag","embeddable":true,"href":"https:\/\/tvtecjundiai.com.br\/news\/wp-json\/wp\/v2\/tags?post=57722"}],"curies":[{"name":"wp","href":"https:\/\/api.w.org\/{rel}","templated":true}]}}