{"id":57807,"date":"2020-06-11T11:48:35","date_gmt":"2020-06-11T14:48:35","guid":{"rendered":"https:\/\/tvtecjundiai.com.br\/news\/?p=57807"},"modified":"2020-06-11T12:11:56","modified_gmt":"2020-06-11T15:11:56","slug":"jundiai-tem-mais-de-97-mil-pessoas-testadas-para-covid-19","status":"publish","type":"post","link":"https:\/\/tvtecjundiai.com.br\/news\/2020\/06\/11\/jundiai-tem-mais-de-97-mil-pessoas-testadas-para-covid-19\/","title":{"rendered":"Jundia\u00ed tem mais de 9,7 mil pessoas testadas para Covid-19"},"content":{"rendered":"<p>&nbsp;<\/p>\n<p>Identificar o avan\u00e7o da pandemia do Novo Coronav\u00edrus s\u00f3 \u00e9 poss\u00edvel com a realiza\u00e7\u00e3o de testes. Jundia\u00ed aplicar\u00e1 a testagem em 5,2% da popula\u00e7\u00e3o da cidade. O percentual \u00e9 superior \u00e0 taxas de testagem realizadas em pa\u00edses europeus, como a Alemanha, que registra 2,5% de testes em sua popula\u00e7\u00e3o e \u00e9 tida como refer\u00eancia no combate \u00e0 pandemia. At\u00e9 o balan\u00e7o divulgado na quarta-feira (10), 9.769 pessoas foram testadas no munic\u00edpio e 1.173 foram identificadas como positivas para COVID-19, ou seja, 12,01% de positividade.<\/p>\n<p>\u201cQuanto mais pessoas testadas, melhor \u00e9 a defini\u00e7\u00e3o do cen\u00e1rio epidemiol\u00f3gico obtido pela cidade. A partir de determina\u00e7\u00e3o do Comit\u00ea de Enfrentamento ao Coronav\u00edrus (CEC), Jundia\u00ed mant\u00e9m a publica\u00e7\u00e3o dos dados de testagem realizada na cidade. Com as informa\u00e7\u00f5es em tempo-real \u00e9 poss\u00edvel identificar os locais onde h\u00e1 necessidade de interven\u00e7\u00f5es como a intensifica\u00e7\u00e3o das orienta\u00e7\u00f5es \u00e0 popula\u00e7\u00e3o sobre higiene das m\u00e3os e o uso de m\u00e1scara\u201d, explica o gestor da Unidade de Gest\u00e3o de Promo\u00e7\u00e3o da Sa\u00fade (UGPS), Tiago Texera.<\/p>\n<p>&nbsp;<\/p>\n<p><strong>Trabalho<\/strong><\/p>\n<p>No feriado prolongado de Corpus Christi, as Unidades Sentinelas (USs) permanecem em funcionamento para a testagem das pessoas agendadas pelo servi\u00e7o Disque 156 Coronav\u00edrus, al\u00e9m de as equipes de testagem do Inqu\u00e9rito Epidemiol\u00f3gico permanecerem nas ruas para a testagem dos assintom\u00e1ticos. Essas equipes est\u00e3o identificadas com crach\u00e1 e paramentadas com equipamentos de prote\u00e7\u00e3o individual (EPIs). Em caso de d\u00favida, a popula\u00e7\u00e3o pode ligar para o Disque 156 Coronav\u00edrus, que funcionar\u00e1 na quinta-feira (11) para a confirma\u00e7\u00e3o do trabalho na regi\u00e3o.<\/p>\n<p><strong>Assessoria de Imprensa<\/strong><br \/>\n<strong>Fotos: Fot\u00f3grafos PMJ<\/strong><\/p>\n","protected":false},"excerpt":{"rendered":"<p>Neste feriado prolongado as Unidades Sentinelas (USs) permanecem em funcionamento para a testagem<\/p>\n","protected":false},"author":18,"featured_media":57808,"comment_status":"closed","ping_status":"closed","sticky":false,"template":"","format":"standard","meta":{"footnotes":""},"categories":[1,2839],"tags":[7303,6242,6512,5,2146,2627],"class_list":["post-57807","post","type-post","status-publish","format-standard","has-post-thumbnail","hentry","category-noticias","category-saude","tag-7303","tag-coronavirus","tag-covid-19","tag-jundiai","tag-pessoas","tag-testes"],"_links":{"self":[{"href":"https:\/\/tvtecjundiai.com.br\/news\/wp-json\/wp\/v2\/posts\/57807","targetHints":{"allow":["GET"]}}],"collection":[{"href":"https:\/\/tvtecjundiai.com.br\/news\/wp-json\/wp\/v2\/posts"}],"about":[{"href":"https:\/\/tvtecjundiai.com.br\/news\/wp-json\/wp\/v2\/types\/post"}],"author":[{"embeddable":true,"href":"https:\/\/tvtecjundiai.com.br\/news\/wp-json\/wp\/v2\/users\/18"}],"replies":[{"embeddable":true,"href":"https:\/\/tvtecjundiai.com.br\/news\/wp-json\/wp\/v2\/comments?post=57807"}],"version-history":[{"count":2,"href":"https:\/\/tvtecjundiai.com.br\/news\/wp-json\/wp\/v2\/posts\/57807\/revisions"}],"predecessor-version":[{"id":57813,"href":"https:\/\/tvtecjundiai.com.br\/news\/wp-json\/wp\/v2\/posts\/57807\/revisions\/57813"}],"wp:featuredmedia":[{"embeddable":true,"href":"https:\/\/tvtecjundiai.com.br\/news\/wp-json\/wp\/v2\/media\/57808"}],"wp:attachment":[{"href":"https:\/\/tvtecjundiai.com.br\/news\/wp-json\/wp\/v2\/media?parent=57807"}],"wp:term":[{"taxonomy":"category","embeddable":true,"href":"https:\/\/tvtecjundiai.com.br\/news\/wp-json\/wp\/v2\/categories?post=57807"},{"taxonomy":"post_tag","embeddable":true,"href":"https:\/\/tvtecjundiai.com.br\/news\/wp-json\/wp\/v2\/tags?post=57807"}],"curies":[{"name":"wp","href":"https:\/\/api.w.org\/{rel}","templated":true}]}}