{"id":5783,"date":"2018-01-29T14:02:28","date_gmt":"2018-01-29T16:02:28","guid":{"rendered":"https:\/\/tvtecjundiai.com.br\/news\/?p=5783"},"modified":"2018-01-29T16:17:55","modified_gmt":"2018-01-29T18:17:55","slug":"economia-novas-regras-para-o-plano-de-saude-entram-em-vigor-hoje-29","status":"publish","type":"post","link":"https:\/\/tvtecjundiai.com.br\/news\/2018\/01\/29\/economia-novas-regras-para-o-plano-de-saude-entram-em-vigor-hoje-29\/","title":{"rendered":"Economia: novas regras para planos de sa\u00fade entram em vigor"},"content":{"rendered":"<p>As novas regras da Ag\u00eancia Nacional de Sa\u00fade Suplementar (ANS) para a contrata\u00e7\u00e3o de plano de sa\u00fade coletivo empresarial por empres\u00e1rio individual entram em vigor hoje, (29).\u00a0A resolu\u00e7\u00e3o normativa torna mais r\u00edgidas as exig\u00eancias para um empres\u00e1rio ter um plano corporativo por parte das empresas.<\/p>\n<p>Para ter direito \u00e0 contrata\u00e7\u00e3o do plano, o empres\u00e1rio individual dever\u00e1 ter uma empresa que esteja em opera\u00e7\u00e3o h\u00e1 pelo menos seis meses. Ele deve apresentar documento que confirme a inscri\u00e7\u00e3o nos \u00f3rg\u00e3os competentes, assim como a regularidade cadastral na Receita Federal.<\/p>\n<div id=\"attachment_5784\" style=\"width: 361px\" class=\"wp-caption alignleft\"><a href=\"https:\/\/tvtecjundiai.com.br\/news\/wp-content\/uploads\/sites\/2\/2018\/01\/plano-de-sa\u00fade.jpg\"><img loading=\"lazy\" decoding=\"async\" aria-describedby=\"caption-attachment-5784\" class=\"wp-image-5784\" src=\"https:\/\/tvtecjundiai.com.br\/news\/wp-content\/uploads\/sites\/2\/2018\/01\/plano-de-sa\u00fade.jpg\" alt=\"\" width=\"351\" height=\"225\" \/><\/a><p id=\"caption-attachment-5784\" class=\"wp-caption-text\">O tempo m\u00ednimo de funcionamento da empresa ser\u00e1 de seis meses<\/p><\/div>\n<div class=\"mc-column content-text active-extra-styles \" data-block-type=\"unstyled\" data-block-weight=\"23\" data-block-id=\"7\">\n<p class=\"content-text__container \" data-track-category=\"Link no Texto\" data-track-links=\"\">A resolu\u00e7\u00e3o determina que operadora ou administradora de benef\u00edcios dever\u00e3o informar as principais caracter\u00edsticas do plano a que o contratante est\u00e1 se vinculando.<\/p>\n<div class=\"mc-column content-text active-extra-styles \" data-block-type=\"unstyled\" data-block-weight=\"37\" data-block-id=\"10\">\n<p class=\"content-text__container \" data-track-category=\"Link no Texto\" data-track-links=\"\">Se constatar que o contratante n\u00e3o apresenta documentos que comprovem sua atua\u00e7\u00e3o como empres\u00e1rio individual, a operadora poder\u00e1 rescindir o contrato. O plano de sa\u00fade dever\u00e1 apresentar ao contratante as raz\u00f5es da rescis\u00e3o no ato da comunica\u00e7\u00e3o. Caso n\u00e3o preencha os requisitos para contratar um plano de sa\u00fade empresarial, o contratante dever\u00e1 recorrer a outra modalidade. Conforme prev\u00ea a Resolu\u00e7\u00e3o Normativa n\u00ba 195, de 2009, ele dever\u00e1 recorrer a um plano individual ou a um familiar.<\/p>\n<p data-track-category=\"Link no Texto\" data-track-links=\"\"><em>(Fonte: Portal G1)<\/em><\/p>\n<\/div>\n<\/div>\n","protected":false},"excerpt":{"rendered":"<p>A justificativa \u00e9 coibir abusos como de abertura de empresas apenas para essa finalidade <\/p>\n","protected":false},"author":11,"featured_media":5784,"comment_status":"closed","ping_status":"closed","sticky":false,"template":"","format":"standard","meta":{"footnotes":""},"categories":[1],"tags":[2161,346,2114,2160],"class_list":["post-5783","post","type-post","status-publish","format-standard","has-post-thumbnail","hentry","category-noticias","tag-contrato","tag-economia","tag-plano-de-saude","tag-resolucao"],"_links":{"self":[{"href":"https:\/\/tvtecjundiai.com.br\/news\/wp-json\/wp\/v2\/posts\/5783","targetHints":{"allow":["GET"]}}],"collection":[{"href":"https:\/\/tvtecjundiai.com.br\/news\/wp-json\/wp\/v2\/posts"}],"about":[{"href":"https:\/\/tvtecjundiai.com.br\/news\/wp-json\/wp\/v2\/types\/post"}],"author":[{"embeddable":true,"href":"https:\/\/tvtecjundiai.com.br\/news\/wp-json\/wp\/v2\/users\/11"}],"replies":[{"embeddable":true,"href":"https:\/\/tvtecjundiai.com.br\/news\/wp-json\/wp\/v2\/comments?post=5783"}],"version-history":[{"count":2,"href":"https:\/\/tvtecjundiai.com.br\/news\/wp-json\/wp\/v2\/posts\/5783\/revisions"}],"predecessor-version":[{"id":5791,"href":"https:\/\/tvtecjundiai.com.br\/news\/wp-json\/wp\/v2\/posts\/5783\/revisions\/5791"}],"wp:featuredmedia":[{"embeddable":true,"href":"https:\/\/tvtecjundiai.com.br\/news\/wp-json\/wp\/v2\/media\/5784"}],"wp:attachment":[{"href":"https:\/\/tvtecjundiai.com.br\/news\/wp-json\/wp\/v2\/media?parent=5783"}],"wp:term":[{"taxonomy":"category","embeddable":true,"href":"https:\/\/tvtecjundiai.com.br\/news\/wp-json\/wp\/v2\/categories?post=5783"},{"taxonomy":"post_tag","embeddable":true,"href":"https:\/\/tvtecjundiai.com.br\/news\/wp-json\/wp\/v2\/tags?post=5783"}],"curies":[{"name":"wp","href":"https:\/\/api.w.org\/{rel}","templated":true}]}}