{"id":58043,"date":"2020-06-15T16:42:11","date_gmt":"2020-06-15T19:42:11","guid":{"rendered":"https:\/\/tvtecjundiai.com.br\/news\/?p=58043"},"modified":"2020-06-15T16:42:11","modified_gmt":"2020-06-15T19:42:11","slug":"mes-do-patrimonio-2020-tera-programacao-inteiramente-online","status":"publish","type":"post","link":"https:\/\/tvtecjundiai.com.br\/news\/2020\/06\/15\/mes-do-patrimonio-2020-tera-programacao-inteiramente-online\/","title":{"rendered":"M\u00eas do Patrim\u00f4nio 2020 ter\u00e1 programa\u00e7\u00e3o inteiramente online"},"content":{"rendered":"<div id=\"attachment_58044\" style=\"width: 421px\" class=\"wp-caption alignright\"><a href=\"https:\/\/tvtecjundiai.com.br\/news\/wp-content\/uploads\/sites\/2\/2020\/06\/mes_patrimonio_historico_cultural-1280x853.jpg\"><img loading=\"lazy\" decoding=\"async\" aria-describedby=\"caption-attachment-58044\" class=\" wp-image-58044\" src=\"https:\/\/tvtecjundiai.com.br\/news\/wp-content\/uploads\/sites\/2\/2020\/06\/mes_patrimonio_historico_cultural-1280x853-300x200.jpg\" alt=\"\" width=\"411\" height=\"274\" srcset=\"https:\/\/tvtecjundiai.com.br\/news\/wp-content\/uploads\/sites\/2\/2020\/06\/mes_patrimonio_historico_cultural-1280x853-300x200.jpg 300w, https:\/\/tvtecjundiai.com.br\/news\/wp-content\/uploads\/sites\/2\/2020\/06\/mes_patrimonio_historico_cultural-1280x853-768x512.jpg 768w, https:\/\/tvtecjundiai.com.br\/news\/wp-content\/uploads\/sites\/2\/2020\/06\/mes_patrimonio_historico_cultural-1280x853-1200x800.jpg 1200w, https:\/\/tvtecjundiai.com.br\/news\/wp-content\/uploads\/sites\/2\/2020\/06\/mes_patrimonio_historico_cultural-1280x853.jpg 1280w\" sizes=\"auto, (max-width: 411px) 100vw, 411px\" \/><\/a><p id=\"caption-attachment-58044\" class=\"wp-caption-text\">Programa\u00e7\u00e3o com palestras, apresenta\u00e7\u00f5es culturais e oficinas da edi\u00e7\u00e3o deste ano ser\u00e1 inteiramente online<\/p><\/div>\n<p>O\u00a0<a href=\"https:\/\/cultura.jundiai.sp.gov.br\/mesdopatrimonio\/\" target=\"_blank\" rel=\"noopener noreferrer\">M\u00eas do Patrim\u00f4nio Hist\u00f3rico e Cultural 2020<\/a>\u00a0ser\u00e1 realizado entre os dias 01 e 31 de agosto e a edi\u00e7\u00e3o deste ano contar\u00e1 com programa\u00e7\u00e3o inteiramente digital, com oficinas, lives, palestras, col\u00f3quios, confer\u00eancias e diversas apresenta\u00e7\u00f5es culturais. Para a realiza\u00e7\u00e3o das atividades, o evento ganhou nova identidade visual e o Departamento de Patrim\u00f4nio Hist\u00f3rico (DPH) da Unidade de Gest\u00e3o de Cultura (UGC) ir\u00e1 contar com a participa\u00e7\u00e3o de volunt\u00e1rios de diversas \u00e1reas, interessados em divulgar e realizar as atividades.<\/p>\n<p>Os interessados, que podem ser estudantes, pesquisadores e mun\u00edcipes em geral, podem se\u00a0<a href=\"https:\/\/forms.gle\/hDhegHEfGeTSLiq89\" target=\"_blank\" rel=\"noopener noreferrer\">inscrever gratuitamente pela internet<\/a>.<\/p>\n<p>O diretor do DPH, William Paix\u00e3o, ressalta a import\u00e2ncia da programa\u00e7\u00e3o. \u201cDesde o ano passado, devido aos esfor\u00e7os do DPH e da C\u00e2mara Municipal, o M\u00eas do Patrim\u00f4nio passou a integrar o calend\u00e1rio municipal de eventos e o dia 17 de agosto o dia do Patrim\u00f4nio Hist\u00f3rico, por meio da lei 9.279\/19. Independente do formato, estamos trabalhando para garantir a qualidade do conte\u00fado desta edi\u00e7\u00e3o, a fim de poder discutir com todos os interessados a preserva\u00e7\u00e3o do patrim\u00f4nio no Munic\u00edpio\u201d.<\/p>\n<p>A programa\u00e7\u00e3o deste ano poder\u00e1 ser conferida em breve no\u00a0<a href=\"https:\/\/cultura.jundiai.sp.gov.br\/mesdopatrimonio\/\" target=\"_blank\" rel=\"noopener noreferrer\">hotsite<\/a>\u00a0e redes sociais do evento, al\u00e9m das\u00a0<a href=\"https:\/\/pt-br.facebook.com\/culturajundiai\/?rf=174639385918121\" target=\"_blank\" rel=\"noopener noreferrer\">redes sociais da Cultura<\/a>.<\/p>\n<p><em>(Fonte\/Foto: Prefeitura de Jundia\u00ed)<\/em><\/p>\n","protected":false},"excerpt":{"rendered":"<p>A edi\u00e7\u00e3o deste ano ser\u00e1 realizada entre os dias 1 e 31 de agosto <\/p>\n","protected":false},"author":13,"featured_media":58045,"comment_status":"closed","ping_status":"closed","sticky":false,"template":"","format":"standard","meta":{"footnotes":""},"categories":[2834,2833,1],"tags":[5,7319],"class_list":["post-58043","post","type-post","status-publish","format-standard","has-post-thumbnail","hentry","category-cidades","category-cultura","category-noticias","tag-jundiai","tag-mes-do-patrimonio-2020"],"_links":{"self":[{"href":"https:\/\/tvtecjundiai.com.br\/news\/wp-json\/wp\/v2\/posts\/58043","targetHints":{"allow":["GET"]}}],"collection":[{"href":"https:\/\/tvtecjundiai.com.br\/news\/wp-json\/wp\/v2\/posts"}],"about":[{"href":"https:\/\/tvtecjundiai.com.br\/news\/wp-json\/wp\/v2\/types\/post"}],"author":[{"embeddable":true,"href":"https:\/\/tvtecjundiai.com.br\/news\/wp-json\/wp\/v2\/users\/13"}],"replies":[{"embeddable":true,"href":"https:\/\/tvtecjundiai.com.br\/news\/wp-json\/wp\/v2\/comments?post=58043"}],"version-history":[{"count":1,"href":"https:\/\/tvtecjundiai.com.br\/news\/wp-json\/wp\/v2\/posts\/58043\/revisions"}],"predecessor-version":[{"id":58046,"href":"https:\/\/tvtecjundiai.com.br\/news\/wp-json\/wp\/v2\/posts\/58043\/revisions\/58046"}],"wp:featuredmedia":[{"embeddable":true,"href":"https:\/\/tvtecjundiai.com.br\/news\/wp-json\/wp\/v2\/media\/58045"}],"wp:attachment":[{"href":"https:\/\/tvtecjundiai.com.br\/news\/wp-json\/wp\/v2\/media?parent=58043"}],"wp:term":[{"taxonomy":"category","embeddable":true,"href":"https:\/\/tvtecjundiai.com.br\/news\/wp-json\/wp\/v2\/categories?post=58043"},{"taxonomy":"post_tag","embeddable":true,"href":"https:\/\/tvtecjundiai.com.br\/news\/wp-json\/wp\/v2\/tags?post=58043"}],"curies":[{"name":"wp","href":"https:\/\/api.w.org\/{rel}","templated":true}]}}