{"id":58072,"date":"2020-06-16T10:26:05","date_gmt":"2020-06-16T13:26:05","guid":{"rendered":"https:\/\/tvtecjundiai.com.br\/news\/?p=58072"},"modified":"2020-06-16T10:49:27","modified_gmt":"2020-06-16T13:49:27","slug":"cerimonia-de-entrega-do-oscar-2021-e-adiada-por-coronavirus","status":"publish","type":"post","link":"https:\/\/tvtecjundiai.com.br\/news\/2020\/06\/16\/cerimonia-de-entrega-do-oscar-2021-e-adiada-por-coronavirus\/","title":{"rendered":"Cerim\u00f4nia de entrega do Oscar 2021 \u00e9 adiada por Coronav\u00edrus"},"content":{"rendered":"<div id=\"attachment_58073\" style=\"width: 393px\" class=\"wp-caption alignright\"><a href=\"https:\/\/tvtecjundiai.com.br\/news\/wp-content\/uploads\/sites\/2\/2020\/06\/3.jpeg\"><img loading=\"lazy\" decoding=\"async\" aria-describedby=\"caption-attachment-58073\" class=\"wp-image-58073\" src=\"https:\/\/tvtecjundiai.com.br\/news\/wp-content\/uploads\/sites\/2\/2020\/06\/3-300x200.jpeg\" alt=\"\" width=\"383\" height=\"255\" srcset=\"https:\/\/tvtecjundiai.com.br\/news\/wp-content\/uploads\/sites\/2\/2020\/06\/3-300x200.jpeg 300w, https:\/\/tvtecjundiai.com.br\/news\/wp-content\/uploads\/sites\/2\/2020\/06\/3.jpeg 680w\" sizes=\"auto, (max-width: 383px) 100vw, 383px\" \/><\/a><p id=\"caption-attachment-58073\" class=\"wp-caption-text\">Esta \u00e9 a quarta vez que a premia\u00e7\u00e3o \u00e9 adiada em seus 93 anos de hist\u00f3ria<\/p><\/div>\n<p>A Academia de Artes e Ci\u00eancias Cinematogr\u00e1ficas anunciou na segunda-feira (15) o adiamento da cerim\u00f4nia de entrega do Oscar 2021. O pr\u00eamio, que aconteceria em 28 de fevereiro de 2021, foi adiado para o dia 25 de abril de 2021, em consequ\u00eancia da pandemia do Coronav\u00edrus.<\/p>\n<p>Com isso, a data de elegibilidade dos filmes tamb\u00e9m foi estendida \u2014 poder\u00e3o concorrer as produ\u00e7\u00f5es lan\u00e7adas de 1\u00ba de janeiro de 2020 a 28 de fevereiro de 2021. Os indicados ser\u00e3o anunciados em 15 de mar\u00e7o.<\/p>\n<p>Ainda n\u00e3o se sabe se o evento manter\u00e1 o formato tradicional ou se seguir\u00e1 com uma nova premia\u00e7\u00e3o, respeitando as regras de distanciamento social. A Academia revelou que passar\u00e1 a levar em considera\u00e7\u00e3o filmes lan\u00e7ados apenas em plataformas de streaming, sem estreias no cinema, j\u00e1 que as salas passar\u00e3o uma boa parte do ano fechadas por causa do Coronav\u00edrus. Tamb\u00e9m foi divulgado que a edi\u00e7\u00e3o 2022 do pr\u00eamio trar\u00e1 dez indicados a melhor filme \u2014 em vez da variante entre cinco e dez indicados que est\u00e1 em vigor atualmente.<\/p>\n<p>Esta \u00e9 a quarta vez que o Oscar \u00e9 adiado em seus 93 anos de hist\u00f3ria. O primeiro epis\u00f3dio foi em 1938, quando houve uma inunda\u00e7\u00e3o em Los Angeles. A cerim\u00f4nia tamb\u00e9m foi adiada em 1968 por causa do assassinato de Martin Luther King. Em 1981, a festa foi remarcada ap\u00f3s um atentado contra o ent\u00e3o presidente Ronald Reagan.<\/p>\n<p><em>(Fonte\/Foto: Veja S\u00e3o Paulo)<\/em><\/p>\n<div class=\"block related-posts\" data-gtm-vis-recent-on-screen-31356911_19=\"630159\" data-gtm-vis-first-on-screen-31356911_19=\"630159\" data-gtm-vis-total-visible-time-31356911_19=\"100\" data-gtm-vis-has-fired-31356911_19=\"1\"><\/div>\n","protected":false},"excerpt":{"rendered":"<p>Esta \u00e9 a quarta vez que a premia\u00e7\u00e3o \u00e9 adiada em seus 93 anos de hist\u00f3ria<\/p>\n","protected":false},"author":13,"featured_media":58073,"comment_status":"closed","ping_status":"closed","sticky":false,"template":"","format":"standard","meta":{"footnotes":""},"categories":[2833,3076,1],"tags":[7322],"class_list":["post-58072","post","type-post","status-publish","format-standard","has-post-thumbnail","hentry","category-cultura","category-entretenimento","category-noticias","tag-oscar-2021"],"_links":{"self":[{"href":"https:\/\/tvtecjundiai.com.br\/news\/wp-json\/wp\/v2\/posts\/58072","targetHints":{"allow":["GET"]}}],"collection":[{"href":"https:\/\/tvtecjundiai.com.br\/news\/wp-json\/wp\/v2\/posts"}],"about":[{"href":"https:\/\/tvtecjundiai.com.br\/news\/wp-json\/wp\/v2\/types\/post"}],"author":[{"embeddable":true,"href":"https:\/\/tvtecjundiai.com.br\/news\/wp-json\/wp\/v2\/users\/13"}],"replies":[{"embeddable":true,"href":"https:\/\/tvtecjundiai.com.br\/news\/wp-json\/wp\/v2\/comments?post=58072"}],"version-history":[{"count":6,"href":"https:\/\/tvtecjundiai.com.br\/news\/wp-json\/wp\/v2\/posts\/58072\/revisions"}],"predecessor-version":[{"id":58081,"href":"https:\/\/tvtecjundiai.com.br\/news\/wp-json\/wp\/v2\/posts\/58072\/revisions\/58081"}],"wp:featuredmedia":[{"embeddable":true,"href":"https:\/\/tvtecjundiai.com.br\/news\/wp-json\/wp\/v2\/media\/58073"}],"wp:attachment":[{"href":"https:\/\/tvtecjundiai.com.br\/news\/wp-json\/wp\/v2\/media?parent=58072"}],"wp:term":[{"taxonomy":"category","embeddable":true,"href":"https:\/\/tvtecjundiai.com.br\/news\/wp-json\/wp\/v2\/categories?post=58072"},{"taxonomy":"post_tag","embeddable":true,"href":"https:\/\/tvtecjundiai.com.br\/news\/wp-json\/wp\/v2\/tags?post=58072"}],"curies":[{"name":"wp","href":"https:\/\/api.w.org\/{rel}","templated":true}]}}