{"id":58101,"date":"2020-06-16T14:33:08","date_gmt":"2020-06-16T17:33:08","guid":{"rendered":"https:\/\/tvtecjundiai.com.br\/news\/?p=58101"},"modified":"2020-06-16T15:06:36","modified_gmt":"2020-06-16T18:06:36","slug":"ponte-sao-joao-e-hortolandia-tem-pas-exclusivos-para-suspeitos-de-covid-19","status":"publish","type":"post","link":"https:\/\/tvtecjundiai.com.br\/news\/2020\/06\/16\/ponte-sao-joao-e-hortolandia-tem-pas-exclusivos-para-suspeitos-de-covid-19\/","title":{"rendered":"Ponte S\u00e3o Jo\u00e3o e Hortol\u00e2ndia t\u00eam PAs exclusivos para suspeitos de Covid-19"},"content":{"rendered":"<div id=\"attachment_58102\" style=\"width: 434px\" class=\"wp-caption alignright\"><a href=\"https:\/\/tvtecjundiai.com.br\/news\/wp-content\/uploads\/sites\/2\/2020\/06\/fachada-ubs-rui-barbosa-vila-nambi_c_-3_-1280x853.jpg\"><img loading=\"lazy\" decoding=\"async\" aria-describedby=\"caption-attachment-58102\" class=\"wp-image-58102\" src=\"https:\/\/tvtecjundiai.com.br\/news\/wp-content\/uploads\/sites\/2\/2020\/06\/fachada-ubs-rui-barbosa-vila-nambi_c_-3_-1280x853-300x200.jpg\" alt=\"\" width=\"424\" height=\"283\" srcset=\"https:\/\/tvtecjundiai.com.br\/news\/wp-content\/uploads\/sites\/2\/2020\/06\/fachada-ubs-rui-barbosa-vila-nambi_c_-3_-1280x853-300x200.jpg 300w, https:\/\/tvtecjundiai.com.br\/news\/wp-content\/uploads\/sites\/2\/2020\/06\/fachada-ubs-rui-barbosa-vila-nambi_c_-3_-1280x853-768x512.jpg 768w, https:\/\/tvtecjundiai.com.br\/news\/wp-content\/uploads\/sites\/2\/2020\/06\/fachada-ubs-rui-barbosa-vila-nambi_c_-3_-1280x853-1200x800.jpg 1200w, https:\/\/tvtecjundiai.com.br\/news\/wp-content\/uploads\/sites\/2\/2020\/06\/fachada-ubs-rui-barbosa-vila-nambi_c_-3_-1280x853.jpg 1280w\" sizes=\"auto, (max-width: 424px) 100vw, 424px\" \/><\/a><p id=\"caption-attachment-58102\" class=\"wp-caption-text\">Pessoas com sintomas do Coronav\u00edrus e com a falta de ar devem buscar atendimento nos PAs exclusivos<\/p><\/div>\n<p>As pessoas com sintomas gripais que envolvem, al\u00e9m da febre, coriza e tosse, a falta de ar e que residam nas regi\u00f5es Norte e Sul devem buscar pelo atendimento nos Prontos Atendimentos (PAs) Exclusivos descentralizados, instalados na Cidade Administrativa (ao lado da Vila Hortol\u00e2ndia) e na\u00a0 Vila Nambi (pr\u00f3ximo \u00e0 Ponte S\u00e3o Jo\u00e3o).<\/p>\n<p>Os moradores da regi\u00e3o atendida pelo PA Ponte S\u00e3o Jo\u00e3o, ou seja, <em>Ponte S\u00e3o, S\u00e3o Camilo, Nambi e Tamoio<\/em>, s\u00e3o orientados a buscar pelo aux\u00edlio na rua Ant\u00f4nio Zandona, 944 \u2013 Vila Nambi, no pr\u00e9dio da UBS Rui Barbosa (que teve os atendimentos deslocados para o sal\u00e3o paroquial da Capela Santa Maria Goretti \u2013 Rua Zelito Zomiguinani, 345 \u2013 Vila Nambi), com funcionamento todos os dias, das 7h \u00e0s 19h.<\/p>\n<p>J\u00e1 os moradores pr\u00f3ximos \u00e0 Vila Hortol\u00e2ndia, como <em>Vila Marlene, Cecap, Morada das Vinhas, Fernandes e Corrupira<\/em> contam com o atendimento espec\u00edfico aos casos suspeitos de Covid-19 na avenida Alexandre Ludke, 780, Cidade Administrativa, ao lado do terminal\u00a0 urbano da Vila Hortol\u00e2ndia. O funcionamento \u00e9 di\u00e1rio, das 7h \u00e0s 19h.<\/p>\n<p>As demais unidades de Pronto Atendimento contam com portas exclusivas para os pacientes suspeitos. Todos os endere\u00e7os podem ser consultados na p\u00e1gina do \u2018<a href=\"https:\/\/jundiai.sp.gov.br\/onde-procurar-atendimento\/\">Coronav\u00edrus<\/a>\u2018, do site da Prefeitura de Jundia\u00ed.<\/p>\n<p><em>(Fonte\/Foto: Prefeitura de Jundia\u00ed)<\/em><\/p>\n","protected":false},"excerpt":{"rendered":"<p>A descentraliza\u00e7\u00e3o se d\u00e1 pela import\u00e2ncia em evitar a exposi\u00e7\u00e3o de pessoas <\/p>\n","protected":false},"author":13,"featured_media":58102,"comment_status":"closed","ping_status":"closed","sticky":false,"template":"","format":"standard","meta":{"footnotes":""},"categories":[2834,1],"tags":[6242,5],"class_list":["post-58101","post","type-post","status-publish","format-standard","has-post-thumbnail","hentry","category-cidades","category-noticias","tag-coronavirus","tag-jundiai"],"_links":{"self":[{"href":"https:\/\/tvtecjundiai.com.br\/news\/wp-json\/wp\/v2\/posts\/58101","targetHints":{"allow":["GET"]}}],"collection":[{"href":"https:\/\/tvtecjundiai.com.br\/news\/wp-json\/wp\/v2\/posts"}],"about":[{"href":"https:\/\/tvtecjundiai.com.br\/news\/wp-json\/wp\/v2\/types\/post"}],"author":[{"embeddable":true,"href":"https:\/\/tvtecjundiai.com.br\/news\/wp-json\/wp\/v2\/users\/13"}],"replies":[{"embeddable":true,"href":"https:\/\/tvtecjundiai.com.br\/news\/wp-json\/wp\/v2\/comments?post=58101"}],"version-history":[{"count":6,"href":"https:\/\/tvtecjundiai.com.br\/news\/wp-json\/wp\/v2\/posts\/58101\/revisions"}],"predecessor-version":[{"id":58110,"href":"https:\/\/tvtecjundiai.com.br\/news\/wp-json\/wp\/v2\/posts\/58101\/revisions\/58110"}],"wp:featuredmedia":[{"embeddable":true,"href":"https:\/\/tvtecjundiai.com.br\/news\/wp-json\/wp\/v2\/media\/58102"}],"wp:attachment":[{"href":"https:\/\/tvtecjundiai.com.br\/news\/wp-json\/wp\/v2\/media?parent=58101"}],"wp:term":[{"taxonomy":"category","embeddable":true,"href":"https:\/\/tvtecjundiai.com.br\/news\/wp-json\/wp\/v2\/categories?post=58101"},{"taxonomy":"post_tag","embeddable":true,"href":"https:\/\/tvtecjundiai.com.br\/news\/wp-json\/wp\/v2\/tags?post=58101"}],"curies":[{"name":"wp","href":"https:\/\/api.w.org\/{rel}","templated":true}]}}