{"id":58215,"date":"2020-06-17T09:11:50","date_gmt":"2020-06-17T12:11:50","guid":{"rendered":"https:\/\/tvtecjundiai.com.br\/news\/?p=58215"},"modified":"2020-06-17T10:47:52","modified_gmt":"2020-06-17T13:47:52","slug":"8-em-cada-10-mortos-por-coronavirus-no-municipio-tem-comorbidades","status":"publish","type":"post","link":"https:\/\/tvtecjundiai.com.br\/news\/2020\/06\/17\/8-em-cada-10-mortos-por-coronavirus-no-municipio-tem-comorbidades\/","title":{"rendered":"8 em cada 10 mortos por Coronav\u00edrus em Jundia\u00ed t\u00eam comorbidades"},"content":{"rendered":"<div id=\"attachment_58216\" style=\"width: 409px\" class=\"wp-caption alignright\"><img loading=\"lazy\" decoding=\"async\" aria-describedby=\"caption-attachment-58216\" class=\"wp-image-58216\" src=\"https:\/\/tvtecjundiai.com.br\/news\/wp-content\/uploads\/sites\/2\/2020\/06\/centro-circulacao-300x200.jpeg\" alt=\"\" width=\"399\" height=\"266\" srcset=\"https:\/\/tvtecjundiai.com.br\/news\/wp-content\/uploads\/sites\/2\/2020\/06\/centro-circulacao-300x200.jpeg 300w, https:\/\/tvtecjundiai.com.br\/news\/wp-content\/uploads\/sites\/2\/2020\/06\/centro-circulacao-768x512.jpeg 768w, https:\/\/tvtecjundiai.com.br\/news\/wp-content\/uploads\/sites\/2\/2020\/06\/centro-circulacao-1200x801.jpeg 1200w, https:\/\/tvtecjundiai.com.br\/news\/wp-content\/uploads\/sites\/2\/2020\/06\/centro-circulacao.jpeg 1280w\" sizes=\"auto, (max-width: 399px) 100vw, 399px\" \/><p id=\"caption-attachment-58216\" class=\"wp-caption-text\">Taxas de letalidade s\u00e3o equivalentes \u00e0s registradas no Estado de S\u00e3o Paulo<\/p><\/div>\n<p>Dos 129 \u00f3bitos causados pelo Coronav\u00edrus em Jundia\u00ed, apenas 18 n\u00e3o apresentavam comorbidades como doen\u00e7as cardiovasculares, diabetes, obesidade ou outros fatores de risco que intensificam o impacto do v\u00edrus no organismo.<\/p>\n<p>Ainda, pela an\u00e1lise realizada pelo Comit\u00ea de Enfrentamento ao Coronav\u00edrus (CEC), al\u00e9m de 87% dos \u00f3bitos concentrados em pessoas com doen\u00e7as cr\u00f4nicas, a idade tamb\u00e9m \u00e9 fator complicador, reproduzindo no munic\u00edpio o padr\u00e3o identificado no Estado e no Pa\u00eds.<\/p>\n<p>Apesar da preval\u00eancia no n\u00famero de casos positivos em Jundia\u00ed atingir as pessoas em idade economicamente ativa \u2013 entre 20 a 59 anos foram contabilizados 1.741 casos \u2013 tem sua letalidade maior na faixa acima dos 60 anos, que registra 463 casos positivos para a doen\u00e7a e responde por 95 \u00f3bitos dos 129 registrados at\u00e9 o boletim divulgado na tarde de ontem (16), ou seja, 75%.<\/p>\n<p>As taxas de letalidade s\u00e3o equivalentes \u00e0s registradas no Estado de S\u00e3o Paulo, que apresenta 5.93% e Jundia\u00ed 5,7%. Na compara\u00e7\u00e3o com o Brasil, a taxa jundiaiense tem diferen\u00e7a inferior a um ponto percentual, j\u00e1 que a nacional registra 4.95%.<\/p>\n<p>Segundo dados divulgados pela Vigil\u00e2ncia Epidemiol\u00f3gica (VE) de Jundia\u00ed, as doen\u00e7as cardiovasculares est\u00e3o associadas a 39,13%, seguida por diabetes, que est\u00e1 presente em 24,08% das mortes por Covid-19 e a obesidade, associada a 11,04% dos casos fatais. Do total das mortes acima de 60 anos (95), apenas 10 n\u00e3o contavam com alguma comorbidade associada.<\/p>\n<p><em>(Fonte\/Foto: Prefeitura de Jundia\u00ed)<\/em><\/p>\n","protected":false},"excerpt":{"rendered":"<p>Taxas de letalidade s\u00e3o equivalentes \u00e0s registradas no Estado de S\u00e3o Paulo<\/p>\n","protected":false},"author":18,"featured_media":58217,"comment_status":"closed","ping_status":"closed","sticky":false,"template":"","format":"standard","meta":{"footnotes":""},"categories":[29,1,2839],"tags":[7332,6242,5,6511],"class_list":["post-58215","post","type-post","status-publish","format-standard","has-post-thumbnail","hentry","category-destaque","category-noticias","category-saude","tag-comorbidades","tag-coronavirus","tag-jundiai","tag-pandemia"],"_links":{"self":[{"href":"https:\/\/tvtecjundiai.com.br\/news\/wp-json\/wp\/v2\/posts\/58215","targetHints":{"allow":["GET"]}}],"collection":[{"href":"https:\/\/tvtecjundiai.com.br\/news\/wp-json\/wp\/v2\/posts"}],"about":[{"href":"https:\/\/tvtecjundiai.com.br\/news\/wp-json\/wp\/v2\/types\/post"}],"author":[{"embeddable":true,"href":"https:\/\/tvtecjundiai.com.br\/news\/wp-json\/wp\/v2\/users\/18"}],"replies":[{"embeddable":true,"href":"https:\/\/tvtecjundiai.com.br\/news\/wp-json\/wp\/v2\/comments?post=58215"}],"version-history":[{"count":5,"href":"https:\/\/tvtecjundiai.com.br\/news\/wp-json\/wp\/v2\/posts\/58215\/revisions"}],"predecessor-version":[{"id":58230,"href":"https:\/\/tvtecjundiai.com.br\/news\/wp-json\/wp\/v2\/posts\/58215\/revisions\/58230"}],"wp:featuredmedia":[{"embeddable":true,"href":"https:\/\/tvtecjundiai.com.br\/news\/wp-json\/wp\/v2\/media\/58217"}],"wp:attachment":[{"href":"https:\/\/tvtecjundiai.com.br\/news\/wp-json\/wp\/v2\/media?parent=58215"}],"wp:term":[{"taxonomy":"category","embeddable":true,"href":"https:\/\/tvtecjundiai.com.br\/news\/wp-json\/wp\/v2\/categories?post=58215"},{"taxonomy":"post_tag","embeddable":true,"href":"https:\/\/tvtecjundiai.com.br\/news\/wp-json\/wp\/v2\/tags?post=58215"}],"curies":[{"name":"wp","href":"https:\/\/api.w.org\/{rel}","templated":true}]}}