{"id":58260,"date":"2020-06-17T11:53:05","date_gmt":"2020-06-17T14:53:05","guid":{"rendered":"https:\/\/tvtecjundiai.com.br\/news\/?p=58260"},"modified":"2020-06-19T11:57:18","modified_gmt":"2020-06-19T14:57:18","slug":"ivete-sangalo-promove-live-especial-de-sao-joao-neste-sabado-20-6-20","status":"publish","type":"post","link":"https:\/\/tvtecjundiai.com.br\/news\/2020\/06\/17\/ivete-sangalo-promove-live-especial-de-sao-joao-neste-sabado-20-6-20\/","title":{"rendered":"Ivete Sangalo promove live especial de S\u00e3o Jo\u00e3o neste s\u00e1bado (20)"},"content":{"rendered":"<div id=\"attachment_58262\" style=\"width: 471px\" class=\"wp-caption alignright\"><a href=\"https:\/\/tvtecjundiai.com.br\/news\/wp-content\/uploads\/sites\/2\/2020\/06\/ivete-sangalo-sao-joao-768x512-1.jpg\"><img loading=\"lazy\" decoding=\"async\" aria-describedby=\"caption-attachment-58262\" class=\"wp-image-58262\" src=\"https:\/\/tvtecjundiai.com.br\/news\/wp-content\/uploads\/sites\/2\/2020\/06\/ivete-sangalo-sao-joao-768x512-1-300x200.jpg\" alt=\"\" width=\"461\" height=\"307\" srcset=\"https:\/\/tvtecjundiai.com.br\/news\/wp-content\/uploads\/sites\/2\/2020\/06\/ivete-sangalo-sao-joao-768x512-1-300x200.jpg 300w, https:\/\/tvtecjundiai.com.br\/news\/wp-content\/uploads\/sites\/2\/2020\/06\/ivete-sangalo-sao-joao-768x512-1.jpg 768w\" sizes=\"auto, (max-width: 461px) 100vw, 461px\" \/><\/a><p id=\"caption-attachment-58262\" class=\"wp-caption-text\">Prepara o xadrez e o vinho quente, porque vai ter Arrai\u00e1 da Veveta!<\/p><\/div>\n<p>Para celebrar as festas juninas e animar o S\u00e3o Jo\u00e3o 2020 durante a quarentena, a cantora Ivete Sangalo promete um repert\u00f3rio muito especial em sua live show que ser\u00e1 realizado no pr\u00f3ximo s\u00e1bado (20), a partir das 22h, em seu canal do <a href=\"https:\/\/www.youtube.com\/user\/ivetesangaloficial\">YouTube<\/a>.<\/p>\n<p>Al\u00e9m de sucessos da carreira, v\u00e3o ter cl\u00e1ssicos como \u201cIsso Aqui T\u00e1 Muito Bom\u201d, \u201cAsa Branca\u201d e \u201cXod\u00f3\u201d. \u201cEu canto daqui e voc\u00ea dan\u00e7a da\u00ed\u201d, convidou a baiana.<\/p>\n<p>Assim como as anteriores, a live ser\u00e1 transmitidas na casa da pr\u00f3pria cantora, na Praia do Forte (BA), e, de acordo com a assessoria, seguem todas as medidas de preven\u00e7\u00e3o ao Coronav\u00edrus e orienta\u00e7\u00f5es dos \u00f3rg\u00e3os respons\u00e1veis.<\/p>\n<p><em>(Fonte: Catraca Livre\/Foto: Rafa Mattei\/Capa: Litoral FM)<\/em><\/p>\n","protected":false},"excerpt":{"rendered":"<p>A live ser\u00e1 transmitida na casa da pr\u00f3pria cantora<\/p>\n","protected":false},"author":13,"featured_media":58523,"comment_status":"closed","ping_status":"closed","sticky":false,"template":"","format":"standard","meta":{"footnotes":""},"categories":[3076,1],"tags":[4246,826,7336],"class_list":["post-58260","post","type-post","status-publish","format-standard","has-post-thumbnail","hentry","category-entretenimento","category-noticias","tag-ivete-sangalo","tag-live","tag-sao-joao"],"_links":{"self":[{"href":"https:\/\/tvtecjundiai.com.br\/news\/wp-json\/wp\/v2\/posts\/58260","targetHints":{"allow":["GET"]}}],"collection":[{"href":"https:\/\/tvtecjundiai.com.br\/news\/wp-json\/wp\/v2\/posts"}],"about":[{"href":"https:\/\/tvtecjundiai.com.br\/news\/wp-json\/wp\/v2\/types\/post"}],"author":[{"embeddable":true,"href":"https:\/\/tvtecjundiai.com.br\/news\/wp-json\/wp\/v2\/users\/13"}],"replies":[{"embeddable":true,"href":"https:\/\/tvtecjundiai.com.br\/news\/wp-json\/wp\/v2\/comments?post=58260"}],"version-history":[{"count":8,"href":"https:\/\/tvtecjundiai.com.br\/news\/wp-json\/wp\/v2\/posts\/58260\/revisions"}],"predecessor-version":[{"id":58524,"href":"https:\/\/tvtecjundiai.com.br\/news\/wp-json\/wp\/v2\/posts\/58260\/revisions\/58524"}],"wp:featuredmedia":[{"embeddable":true,"href":"https:\/\/tvtecjundiai.com.br\/news\/wp-json\/wp\/v2\/media\/58523"}],"wp:attachment":[{"href":"https:\/\/tvtecjundiai.com.br\/news\/wp-json\/wp\/v2\/media?parent=58260"}],"wp:term":[{"taxonomy":"category","embeddable":true,"href":"https:\/\/tvtecjundiai.com.br\/news\/wp-json\/wp\/v2\/categories?post=58260"},{"taxonomy":"post_tag","embeddable":true,"href":"https:\/\/tvtecjundiai.com.br\/news\/wp-json\/wp\/v2\/tags?post=58260"}],"curies":[{"name":"wp","href":"https:\/\/api.w.org\/{rel}","templated":true}]}}