{"id":58528,"date":"2020-06-19T12:52:48","date_gmt":"2020-06-19T15:52:48","guid":{"rendered":"https:\/\/tvtecjundiai.com.br\/news\/?p=58528"},"modified":"2020-06-22T14:54:01","modified_gmt":"2020-06-22T17:54:01","slug":"jardim-fepasa-recebe-oficina-de-mascaras-de-tecido-do-sesc-jundiai","status":"publish","type":"post","link":"https:\/\/tvtecjundiai.com.br\/news\/2020\/06\/19\/jardim-fepasa-recebe-oficina-de-mascaras-de-tecido-do-sesc-jundiai\/","title":{"rendered":"Jardim Fepasa recebe oficina de m\u00e1scaras de tecido do Sesc Jundia\u00ed"},"content":{"rendered":"<div id=\"attachment_58537\" style=\"width: 405px\" class=\"wp-caption alignright\"><a href=\"https:\/\/tvtecjundiai.com.br\/news\/wp-content\/uploads\/sites\/2\/2020\/06\/andre-fossalusa.jpg\"><img loading=\"lazy\" decoding=\"async\" aria-describedby=\"caption-attachment-58537\" class=\"wp-image-58537\" src=\"https:\/\/tvtecjundiai.com.br\/news\/wp-content\/uploads\/sites\/2\/2020\/06\/andre-fossalusa-300x200.jpg\" alt=\"\" width=\"395\" height=\"263\" srcset=\"https:\/\/tvtecjundiai.com.br\/news\/wp-content\/uploads\/sites\/2\/2020\/06\/andre-fossalusa-300x200.jpg 300w, https:\/\/tvtecjundiai.com.br\/news\/wp-content\/uploads\/sites\/2\/2020\/06\/andre-fossalusa-768x512.jpg 768w, https:\/\/tvtecjundiai.com.br\/news\/wp-content\/uploads\/sites\/2\/2020\/06\/andre-fossalusa.jpg 1085w\" sizes=\"auto, (max-width: 395px) 100vw, 395px\" \/><\/a><p id=\"caption-attachment-58537\" class=\"wp-caption-text\">Iniciativa engloba promo\u00e7\u00e3o do trabalho comunit\u00e1rio, gera\u00e7\u00e3o de renda<\/p><\/div>\n<p>No m\u00eas de junho o Sesc Jundia\u00ed realizou na Casa Azul &#8211; Equipamento da Unidade de Gest\u00e3o de Assist\u00eancia e Desenvolvimento Social, no Jardim Fepasa, oficinas de confec\u00e7\u00e3o de m\u00e1scaras de prote\u00e7\u00e3o facial de tecido. As aulas, em parceria com costureiras, designers e moradores locais, tinham como objetivo incentivar a gera\u00e7\u00e3o de renda de forma aut\u00f4noma em suas casas, sobretudo no per\u00edodo de crise.<\/p>\n<p>Cabe ressaltar que durante as oficinas todas as medidas preventivas \u00e0 transmiss\u00e3o do Coronav\u00edrus foram tomadas: n\u00famero limitado de alunos, dist\u00e2ncia de 2 metros entre as mesas, todos os participantes fazendo uso de m\u00e1scaras e escudos de prote\u00e7\u00e3o facial (faceshields) e de \u00e1lcool gel 70%. Equipamentos, ferramentas, mesas e bancadas tamb\u00e9m foram rigorosamente higienizados \u00a0no intervalo entre uma turma e outra e o espa\u00e7o permaneceu arejado com janelas abertas e ventiladores.<\/p>\n<p>A a\u00e7\u00e3o se soma a uma s\u00e9rie de iniciativas do Sesc S\u00e3o Paulo envolvendo medidas para o enfrentamento da pandemia, como a doa\u00e7\u00e3o de m\u00e1scaras cir\u00fargicas, toucas sanfonadas, luvas de procedimento e luvas pl\u00e1sticas provenientes dos estoques das cl\u00ednicas odontol\u00f3gicas e servi\u00e7os de alimenta\u00e7\u00e3o das unidades do Sesc; al\u00e9m da fabrica\u00e7\u00e3o digital, tamb\u00e9m para doa\u00e7\u00e3o, de protetores faciais, indicados como equipamentos de prote\u00e7\u00e3o complementares.<\/p>\n<p><em>(Fonte: Assessoria de Imprensa\/Foto: Andr\u00e9 Fossalusa)<\/em><\/p>\n<p><em>\u00a0<\/em><\/p>\n","protected":false},"excerpt":{"rendered":"<p>Iniciativa engloba promo\u00e7\u00e3o do trabalho comunit\u00e1rio, gera\u00e7\u00e3o de renda <\/p>\n","protected":false},"author":13,"featured_media":58537,"comment_status":"closed","ping_status":"closed","sticky":false,"template":"","format":"standard","meta":{"footnotes":""},"categories":[2834,1],"tags":[2179,5,884,1995],"class_list":["post-58528","post","type-post","status-publish","format-standard","has-post-thumbnail","hentry","category-cidades","category-noticias","tag-jardim-fepasa","tag-jundiai","tag-oficinas","tag-sesc-jundiai"],"_links":{"self":[{"href":"https:\/\/tvtecjundiai.com.br\/news\/wp-json\/wp\/v2\/posts\/58528","targetHints":{"allow":["GET"]}}],"collection":[{"href":"https:\/\/tvtecjundiai.com.br\/news\/wp-json\/wp\/v2\/posts"}],"about":[{"href":"https:\/\/tvtecjundiai.com.br\/news\/wp-json\/wp\/v2\/types\/post"}],"author":[{"embeddable":true,"href":"https:\/\/tvtecjundiai.com.br\/news\/wp-json\/wp\/v2\/users\/13"}],"replies":[{"embeddable":true,"href":"https:\/\/tvtecjundiai.com.br\/news\/wp-json\/wp\/v2\/comments?post=58528"}],"version-history":[{"count":3,"href":"https:\/\/tvtecjundiai.com.br\/news\/wp-json\/wp\/v2\/posts\/58528\/revisions"}],"predecessor-version":[{"id":58739,"href":"https:\/\/tvtecjundiai.com.br\/news\/wp-json\/wp\/v2\/posts\/58528\/revisions\/58739"}],"wp:featuredmedia":[{"embeddable":true,"href":"https:\/\/tvtecjundiai.com.br\/news\/wp-json\/wp\/v2\/media\/58537"}],"wp:attachment":[{"href":"https:\/\/tvtecjundiai.com.br\/news\/wp-json\/wp\/v2\/media?parent=58528"}],"wp:term":[{"taxonomy":"category","embeddable":true,"href":"https:\/\/tvtecjundiai.com.br\/news\/wp-json\/wp\/v2\/categories?post=58528"},{"taxonomy":"post_tag","embeddable":true,"href":"https:\/\/tvtecjundiai.com.br\/news\/wp-json\/wp\/v2\/tags?post=58528"}],"curies":[{"name":"wp","href":"https:\/\/api.w.org\/{rel}","templated":true}]}}