{"id":58592,"date":"2020-06-19T17:47:30","date_gmt":"2020-06-19T20:47:30","guid":{"rendered":"https:\/\/tvtecjundiai.com.br\/news\/?p=58592"},"modified":"2020-06-19T17:51:43","modified_gmt":"2020-06-19T20:51:43","slug":"jundiaiense-e-unica-brasileira-selecionada-para-faculdade-de-artes-da-holanda","status":"publish","type":"post","link":"https:\/\/tvtecjundiai.com.br\/news\/2020\/06\/19\/jundiaiense-e-unica-brasileira-selecionada-para-faculdade-de-artes-da-holanda\/","title":{"rendered":"Jundiaiense \u00e9 \u00fanica brasileira selecionada para Faculdade de Artes da Holanda"},"content":{"rendered":"<p>A bailarina Giulia Finardi, de 18 anos, \u00e9 a \u00fanica brasileira aprovada para a Faculdade de Artes de Rotterdam (Codarts), na Holanda. Ela est\u00e1 entre as 30 pessoas do mundo todo que conseguiram a vaga para a jornada que se inicia em setembro deste ano.<\/p>\n<div id=\"attachment_58600\" style=\"width: 350px\" class=\"wp-caption alignright\"><img loading=\"lazy\" decoding=\"async\" aria-describedby=\"caption-attachment-58600\" class=\"wp-image-58600\" src=\"https:\/\/tvtecjundiai.com.br\/news\/wp-content\/uploads\/sites\/2\/2020\/06\/Giulia-Finardi-1-e1592594441765-285x500.jpeg\" alt=\"\" width=\"340\" height=\"596\" srcset=\"https:\/\/tvtecjundiai.com.br\/news\/wp-content\/uploads\/sites\/2\/2020\/06\/Giulia-Finardi-1-e1592594441765-285x500.jpeg 285w, https:\/\/tvtecjundiai.com.br\/news\/wp-content\/uploads\/sites\/2\/2020\/06\/Giulia-Finardi-1-e1592594441765-547x960.jpeg 547w, https:\/\/tvtecjundiai.com.br\/news\/wp-content\/uploads\/sites\/2\/2020\/06\/Giulia-Finardi-1-e1592594441765.jpeg 729w\" sizes=\"auto, (max-width: 340px) 100vw, 340px\" \/><p id=\"caption-attachment-58600\" class=\"wp-caption-text\">A jundiaiense Giulia Finardi, aprovada em audi\u00e7\u00e3o rigorosa, vai estudar dan\u00e7a na Codarts da Holanda<\/p><\/div>\n<p>Filha do representante comercial, \u00c2ngelo Finardi e da t\u00e9cnica de enfermagem, Alessandra Finardi, ela segue os passos da irm\u00e3 mais velha, Gabriela, de 27 anos, bailarina que h\u00e1 dez anos mora na Europa, em Augsburgo, e atua profissionalmente para uma companhia de dan\u00e7a estatal alem\u00e3. E do irm\u00e3o mais novo, Guilherme, cavaleiro profissional que h\u00e1 dois anos trabalha tamb\u00e9m na Europa.<\/p>\n<p>\u201c\u00c9 um orgulho muito grande para todos n\u00f3s\u201d, contam os pais felizes. \u201cEla foi fazer um reconhecimento na Europa, focada como sempre foi em dan\u00e7ar, voltou por causa da pandemia, mas se inscreveu no exame e acabou mandando material e foi aprovada\u201d, destaca o pai, lembrando que a Codarts \u00e9 uma faculdade de Artes de renome mundial. E que a filha vai estudar l\u00e1 durante os pr\u00f3ximo quatro anos.<\/p>\n<p>\u00c2ngelo conta que Giulia terminou o col\u00e9gio no ano passado. Desde muito cedo, segundo ele, ela se dedica \u00e0 dan\u00e7a por voca\u00e7\u00e3o. Aprendeu os primeiros passos como um professor de S\u00e3o Paulo, estudou no Instituto de Orienta\u00e7\u00e3o Art\u00edstica (IOA) e na Premi\u00e8re, escolas de dan\u00e7a de Jundia\u00ed e conquistou muitos pr\u00eamios como bailarina. O principal foi a indica\u00e7\u00e3o de <em>Melhor Bailarina<\/em> do <em>Festival de Joinville<\/em>, um dos maiores festivais de dan\u00e7a do mundo.<\/p>\n<p>\u201c\u00c9 muito orgulho para os pais. N\u00f3s temos mesmo muito orgulho pelo trabalho e realiza\u00e7\u00e3o de nossos filhos. Agora, especialmente, pela Giulia que sempre foi muito focada e esfor\u00e7ada&#8221;, concordam os pais. Essa vit\u00f3ria, segundo eles, \u00e9 um pr\u00eamio \u00e0 dedica\u00e7\u00e3o dela. Ambos se orgulham ainda mais pelo fato de serem todos de Jundia\u00ed e de que a conquista de Giulia serve de est\u00edmulo para outros jovens da cidade.<\/p>\n<p>Giulia, de sua parte, garante estar muito feliz e ansiosa para seguir rumo \u00e0 realiza\u00e7\u00e3o de seu sonho, sonho que sempre cultivou. E que, apesar da ansiedade, sabe que a 700 km de onde vai estudar em Rotterdam, na Holanda, vive sua irm\u00e3, em Augsburgo, na Alemanha, com quem sempre poder\u00e1 contar. <em>(Por Pedro F\u00e1varo Jr.)<\/em><\/p>\n<p><strong>VEJA UM POUCO DA T\u00c9CNICA E DA ARTE DE GIULIA\u00a0<\/strong><\/p>\n<div style=\"width: 480px;\" class=\"wp-video\"><video class=\"wp-video-shortcode\" id=\"video-58592-1\" width=\"480\" height=\"480\" preload=\"metadata\" controls=\"controls\"><source type=\"video\/mp4\" src=\"https:\/\/tvtecjundiai.com.br\/news\/wp-content\/uploads\/sites\/2\/2020\/06\/Giulia-Finardi.mp4?_=1\" \/><a href=\"https:\/\/tvtecjundiai.com.br\/news\/wp-content\/uploads\/sites\/2\/2020\/06\/Giulia-Finardi.mp4\">https:\/\/tvtecjundiai.com.br\/news\/wp-content\/uploads\/sites\/2\/2020\/06\/Giulia-Finardi.mp4<\/a><\/video><\/div>\n<p><em>(Imagens: Arquivo Pessoal)<\/em><\/p>\n","protected":false},"excerpt":{"rendered":"<p>A escola \u00e9 procurada por artistas de todo o mundo, especialmente na dan\u00e7a<\/p>\n","protected":false},"author":8,"featured_media":58619,"comment_status":"closed","ping_status":"closed","sticky":false,"template":"","format":"standard","meta":{"footnotes":""},"categories":[2834,2833,1],"tags":[7376],"class_list":["post-58592","post","type-post","status-publish","format-standard","has-post-thumbnail","hentry","category-cidades","category-cultura","category-noticias","tag-jundiaiense-vai-estudar-danca-na-holanda"],"_links":{"self":[{"href":"https:\/\/tvtecjundiai.com.br\/news\/wp-json\/wp\/v2\/posts\/58592","targetHints":{"allow":["GET"]}}],"collection":[{"href":"https:\/\/tvtecjundiai.com.br\/news\/wp-json\/wp\/v2\/posts"}],"about":[{"href":"https:\/\/tvtecjundiai.com.br\/news\/wp-json\/wp\/v2\/types\/post"}],"author":[{"embeddable":true,"href":"https:\/\/tvtecjundiai.com.br\/news\/wp-json\/wp\/v2\/users\/8"}],"replies":[{"embeddable":true,"href":"https:\/\/tvtecjundiai.com.br\/news\/wp-json\/wp\/v2\/comments?post=58592"}],"version-history":[{"count":10,"href":"https:\/\/tvtecjundiai.com.br\/news\/wp-json\/wp\/v2\/posts\/58592\/revisions"}],"predecessor-version":[{"id":58623,"href":"https:\/\/tvtecjundiai.com.br\/news\/wp-json\/wp\/v2\/posts\/58592\/revisions\/58623"}],"wp:featuredmedia":[{"embeddable":true,"href":"https:\/\/tvtecjundiai.com.br\/news\/wp-json\/wp\/v2\/media\/58619"}],"wp:attachment":[{"href":"https:\/\/tvtecjundiai.com.br\/news\/wp-json\/wp\/v2\/media?parent=58592"}],"wp:term":[{"taxonomy":"category","embeddable":true,"href":"https:\/\/tvtecjundiai.com.br\/news\/wp-json\/wp\/v2\/categories?post=58592"},{"taxonomy":"post_tag","embeddable":true,"href":"https:\/\/tvtecjundiai.com.br\/news\/wp-json\/wp\/v2\/tags?post=58592"}],"curies":[{"name":"wp","href":"https:\/\/api.w.org\/{rel}","templated":true}]}}