{"id":58893,"date":"2020-06-24T08:15:50","date_gmt":"2020-06-24T11:15:50","guid":{"rendered":"https:\/\/tvtecjundiai.com.br\/news\/?p=58893"},"modified":"2020-06-24T11:00:40","modified_gmt":"2020-06-24T14:00:40","slug":"brasil-registra-52-788-mortes-e-mais-de-11-milhao-de-casos-de-coronavirus","status":"publish","type":"post","link":"https:\/\/tvtecjundiai.com.br\/news\/2020\/06\/24\/brasil-registra-52-788-mortes-e-mais-de-11-milhao-de-casos-de-coronavirus\/","title":{"rendered":"Brasil registra 52.788 mortes e mais de 1,1 milh\u00e3o de casos de Coronav\u00edrus"},"content":{"rendered":"<div class=\"mc-column content-text active-extra-styles active-capital-letter\" data-block-type=\"unstyled\" data-block-weight=\"33\" data-block-id=\"1\">\n<div id=\"attachment_58894\" style=\"width: 421px\" class=\"wp-caption alignright\"><a href=\"https:\/\/tvtecjundiai.com.br\/news\/wp-content\/uploads\/sites\/2\/2020\/06\/1-11.jpg\"><img loading=\"lazy\" decoding=\"async\" aria-describedby=\"caption-attachment-58894\" class=\"wp-image-58894\" src=\"https:\/\/tvtecjundiai.com.br\/news\/wp-content\/uploads\/sites\/2\/2020\/06\/1-11-300x179.jpg\" alt=\"\" width=\"411\" height=\"245\" srcset=\"https:\/\/tvtecjundiai.com.br\/news\/wp-content\/uploads\/sites\/2\/2020\/06\/1-11-300x179.jpg 300w, https:\/\/tvtecjundiai.com.br\/news\/wp-content\/uploads\/sites\/2\/2020\/06\/1-11-768x459.jpg 768w, https:\/\/tvtecjundiai.com.br\/news\/wp-content\/uploads\/sites\/2\/2020\/06\/1-11.jpg 1170w\" sizes=\"auto, (max-width: 411px) 100vw, 411px\" \/><\/a><p id=\"caption-attachment-58894\" class=\"wp-caption-text\">Segundo diretor da OMS, o Brasil provavelmente tem mais casos de Covid-19 que os relatados<\/p><\/div>\n<p class=\"content-text__container theme-color-primary-first-letter\" data-track-category=\"Link no Texto\" data-track-links=\"\">O Brasil tem 52.788 mortes e 1.152.066 casos confirmados por Coronav\u00edrus at\u00e9 as 8h desta quarta-feira (24). \u00c9 o que aponta um levantamento feito pelo cons\u00f3rcio de ve\u00edculos de imprensa a partir de dados das secretarias estaduais de Sa\u00fade.<\/p>\n<div class=\"mc-column content-text active-extra-styles \" data-block-type=\"unstyled\" data-block-weight=\"30\" data-block-id=\"2\">\n<p class=\"content-text__container \" data-track-category=\"Link no Texto\" data-track-links=\"\">O cons\u00f3rcio divulgou na ter\u00e7a-feira (23), \u00e0s 20 horas, o 16\u00ba balan\u00e7o, com os dados mais atualizados das secretarias estaduais naquele momento. Desde ent\u00e3o, GO e RR divulgaram novos dados.<\/p>\n<div class=\"mc-column content-text active-extra-styles \" data-block-type=\"unstyled\" data-block-weight=\"29\" data-block-id=\"5\">\n<p class=\"content-text__container \" data-track-category=\"Link no Texto\" data-track-links=\"\">O n\u00famero de mortes no Brasil \u00e9 mais que o dobro de \u00cdndia (14.476), China (4.640), Paquist\u00e3o (3.755) e Indon\u00e9sia (2.535) somados, segundo dados da Universidade Johns Hopkins.<\/p>\n<\/div>\n<\/div>\n<div class=\"mc-column content-text active-extra-styles \" data-block-type=\"unstyled\" data-block-weight=\"9\" data-block-id=\"3\">\n<div class=\"mc-column content-text active-extra-styles \" data-block-type=\"unstyled\" data-block-weight=\"18\" data-block-id=\"11\"><em>(Fonte: G1\/Foto: Ag\u00eancia Brasil)<\/em><\/div>\n<\/div>\n<\/div>\n<div class=\"wall protected-content\">\n<div class=\"mc-column content-text active-extra-styles \" data-block-type=\"unstyled\" data-block-weight=\"30\" data-block-id=\"2\"><\/div>\n<\/div>\n","protected":false},"excerpt":{"rendered":"<p>Segundo diretor da OMS, o Brasil provavelmente tem mais casos de Covid-19 do que os relatados<\/p>\n","protected":false},"author":13,"featured_media":58894,"comment_status":"closed","ping_status":"closed","sticky":false,"template":"","format":"standard","meta":{"footnotes":""},"categories":[1,2839],"tags":[1903,6242],"class_list":["post-58893","post","type-post","status-publish","format-standard","has-post-thumbnail","hentry","category-noticias","category-saude","tag-brasil","tag-coronavirus"],"_links":{"self":[{"href":"https:\/\/tvtecjundiai.com.br\/news\/wp-json\/wp\/v2\/posts\/58893","targetHints":{"allow":["GET"]}}],"collection":[{"href":"https:\/\/tvtecjundiai.com.br\/news\/wp-json\/wp\/v2\/posts"}],"about":[{"href":"https:\/\/tvtecjundiai.com.br\/news\/wp-json\/wp\/v2\/types\/post"}],"author":[{"embeddable":true,"href":"https:\/\/tvtecjundiai.com.br\/news\/wp-json\/wp\/v2\/users\/13"}],"replies":[{"embeddable":true,"href":"https:\/\/tvtecjundiai.com.br\/news\/wp-json\/wp\/v2\/comments?post=58893"}],"version-history":[{"count":4,"href":"https:\/\/tvtecjundiai.com.br\/news\/wp-json\/wp\/v2\/posts\/58893\/revisions"}],"predecessor-version":[{"id":58956,"href":"https:\/\/tvtecjundiai.com.br\/news\/wp-json\/wp\/v2\/posts\/58893\/revisions\/58956"}],"wp:featuredmedia":[{"embeddable":true,"href":"https:\/\/tvtecjundiai.com.br\/news\/wp-json\/wp\/v2\/media\/58894"}],"wp:attachment":[{"href":"https:\/\/tvtecjundiai.com.br\/news\/wp-json\/wp\/v2\/media?parent=58893"}],"wp:term":[{"taxonomy":"category","embeddable":true,"href":"https:\/\/tvtecjundiai.com.br\/news\/wp-json\/wp\/v2\/categories?post=58893"},{"taxonomy":"post_tag","embeddable":true,"href":"https:\/\/tvtecjundiai.com.br\/news\/wp-json\/wp\/v2\/tags?post=58893"}],"curies":[{"name":"wp","href":"https:\/\/api.w.org\/{rel}","templated":true}]}}