{"id":58948,"date":"2020-06-24T10:53:12","date_gmt":"2020-06-24T13:53:12","guid":{"rendered":"https:\/\/tvtecjundiai.com.br\/news\/?p=58948"},"modified":"2020-06-24T10:53:12","modified_gmt":"2020-06-24T13:53:12","slug":"livraria-saraiva-vai-fechar-mais-11-lojas-por-crise","status":"publish","type":"post","link":"https:\/\/tvtecjundiai.com.br\/news\/2020\/06\/24\/livraria-saraiva-vai-fechar-mais-11-lojas-por-crise\/","title":{"rendered":"Livraria Saraiva vai fechar mais 11 lojas por crise"},"content":{"rendered":"<div id=\"attachment_58949\" style=\"width: 419px\" class=\"wp-caption alignright\"><img loading=\"lazy\" decoding=\"async\" aria-describedby=\"caption-attachment-58949\" class=\"wp-image-58949 \" src=\"https:\/\/tvtecjundiai.com.br\/news\/wp-content\/uploads\/sites\/2\/2020\/06\/pF8Hm0oUgxE76XJHTEUZDKISdSxCruEI1EmbUBm6jEme8NiR5haBwvJbwQLaP4aOmKPFmfrE9d2YaJLj-300x185.jpg\" alt=\"\" width=\"409\" height=\"252\" srcset=\"https:\/\/tvtecjundiai.com.br\/news\/wp-content\/uploads\/sites\/2\/2020\/06\/pF8Hm0oUgxE76XJHTEUZDKISdSxCruEI1EmbUBm6jEme8NiR5haBwvJbwQLaP4aOmKPFmfrE9d2YaJLj-300x185.jpg 300w, https:\/\/tvtecjundiai.com.br\/news\/wp-content\/uploads\/sites\/2\/2020\/06\/pF8Hm0oUgxE76XJHTEUZDKISdSxCruEI1EmbUBm6jEme8NiR5haBwvJbwQLaP4aOmKPFmfrE9d2YaJLj.jpg 588w\" sizes=\"auto, (max-width: 409px) 100vw, 409px\" \/><p id=\"caption-attachment-58949\" class=\"wp-caption-text\">Pandemia agravou situa\u00e7\u00e3o da empresa, que tinha 112 lojas em 2017<\/p><\/div>\n<p>A Livraria Saraiva informou \u00e0 Justi\u00e7a na \u00faltima segunda-feira que ter\u00e1 de fechar definitivamente mais 11 lojas em raz\u00e3o da pandemia do Coronav\u00edrus.<\/p>\n<p>S\u00e3o elas: shoppings Mooca (SP), Metr\u00f4 Santa Cruz (SP), ABC (SP), Center Norte (SP), Recife (PE, Moinhos (RS), NYCC (RJ), ParkShopping S\u00e3o Caetano (SP), Vila Ol\u00edmpia (SP) e Diamond Mall (BH) e Loja da Rua do Ouvidor (RJ).<\/p>\n<p>A Saraiva, que chegou a ter 112 lojas em 2017, ficar\u00e1 com apenas 58. Mas o n\u00famero pode cair ainda mais, segundo o documento enviado pela empresa ao Judici\u00e1rio.\u00a0 A pandemia agravou uma situa\u00e7\u00e3o que j\u00e1 era muito dif\u00edcil. Em 2018, sem conseguir pagar d\u00edvidas de R$ 675 milh\u00f5es, a empresa entrou em recupera\u00e7\u00e3o judicial para tentar evitar a fal\u00eancia.<\/p>\n<p>Recupera\u00e7\u00e3o judicial \u00e9 um mecanismo pelo qual a Justi\u00e7a suspende a\u00e7\u00f5es de execu\u00e7\u00e3o por 180 dias, prazo no qual a empresa deve apresentar um plano de pagamento das d\u00edvidas aos credores, que precisa ser aprovado em assembleia.\u00a0 Em abril, j\u00e1 na quarentena, o preju\u00edzo consolidado foi de R$18 milh\u00f5es, segundo relat\u00f3rio do administrador judicial Ronaldo Vasconcelos (RV3 Consultores Ltda.).<\/p>\n<p><em>(Fonte: Uol\/Foto: Divulga\u00e7\u00e3o)<\/em><\/p>\n","protected":false},"excerpt":{"rendered":"<p>Pandemia agravou situa\u00e7\u00e3o da empresa, que tinha 112 lojas em 2017<\/p>\n","protected":false},"author":18,"featured_media":58949,"comment_status":"closed","ping_status":"closed","sticky":false,"template":"","format":"standard","meta":{"footnotes":""},"categories":[2834,1],"tags":[6512,3298,2140,6511,2428],"class_list":["post-58948","post","type-post","status-publish","format-standard","has-post-thumbnail","hentry","category-cidades","category-noticias","tag-covid-19","tag-crise","tag-leitura","tag-pandemia","tag-saraiva"],"_links":{"self":[{"href":"https:\/\/tvtecjundiai.com.br\/news\/wp-json\/wp\/v2\/posts\/58948","targetHints":{"allow":["GET"]}}],"collection":[{"href":"https:\/\/tvtecjundiai.com.br\/news\/wp-json\/wp\/v2\/posts"}],"about":[{"href":"https:\/\/tvtecjundiai.com.br\/news\/wp-json\/wp\/v2\/types\/post"}],"author":[{"embeddable":true,"href":"https:\/\/tvtecjundiai.com.br\/news\/wp-json\/wp\/v2\/users\/18"}],"replies":[{"embeddable":true,"href":"https:\/\/tvtecjundiai.com.br\/news\/wp-json\/wp\/v2\/comments?post=58948"}],"version-history":[{"count":2,"href":"https:\/\/tvtecjundiai.com.br\/news\/wp-json\/wp\/v2\/posts\/58948\/revisions"}],"predecessor-version":[{"id":58953,"href":"https:\/\/tvtecjundiai.com.br\/news\/wp-json\/wp\/v2\/posts\/58948\/revisions\/58953"}],"wp:featuredmedia":[{"embeddable":true,"href":"https:\/\/tvtecjundiai.com.br\/news\/wp-json\/wp\/v2\/media\/58949"}],"wp:attachment":[{"href":"https:\/\/tvtecjundiai.com.br\/news\/wp-json\/wp\/v2\/media?parent=58948"}],"wp:term":[{"taxonomy":"category","embeddable":true,"href":"https:\/\/tvtecjundiai.com.br\/news\/wp-json\/wp\/v2\/categories?post=58948"},{"taxonomy":"post_tag","embeddable":true,"href":"https:\/\/tvtecjundiai.com.br\/news\/wp-json\/wp\/v2\/tags?post=58948"}],"curies":[{"name":"wp","href":"https:\/\/api.w.org\/{rel}","templated":true}]}}