{"id":59029,"date":"2020-06-25T08:30:29","date_gmt":"2020-06-25T11:30:29","guid":{"rendered":"https:\/\/tvtecjundiai.com.br\/news\/?p=59029"},"modified":"2020-06-25T08:46:32","modified_gmt":"2020-06-25T11:46:32","slug":"movimento-de-pessoas-no-centro-cai-80-na-segunda-quinzena-de-junho","status":"publish","type":"post","link":"https:\/\/tvtecjundiai.com.br\/news\/2020\/06\/25\/movimento-de-pessoas-no-centro-cai-80-na-segunda-quinzena-de-junho\/","title":{"rendered":"Circula\u00e7\u00e3o no Centro de Jundia\u00ed cai 80% na segunda semana de junho"},"content":{"rendered":"<div id=\"attachment_59030\" style=\"width: 483px\" class=\"wp-caption alignright\"><a href=\"https:\/\/tvtecjundiai.com.br\/news\/wp-content\/uploads\/sites\/2\/2020\/06\/1-12.jpg\"><img loading=\"lazy\" decoding=\"async\" aria-describedby=\"caption-attachment-59030\" class=\" wp-image-59030\" src=\"https:\/\/tvtecjundiai.com.br\/news\/wp-content\/uploads\/sites\/2\/2020\/06\/1-12-300x200.jpg\" alt=\"\" width=\"473\" height=\"315\" srcset=\"https:\/\/tvtecjundiai.com.br\/news\/wp-content\/uploads\/sites\/2\/2020\/06\/1-12-300x200.jpg 300w, https:\/\/tvtecjundiai.com.br\/news\/wp-content\/uploads\/sites\/2\/2020\/06\/1-12-768x512.jpg 768w, https:\/\/tvtecjundiai.com.br\/news\/wp-content\/uploads\/sites\/2\/2020\/06\/1-12-1200x801.jpg 1200w, https:\/\/tvtecjundiai.com.br\/news\/wp-content\/uploads\/sites\/2\/2020\/06\/1-12.jpg 1280w\" sizes=\"auto, (max-width: 473px) 100vw, 473px\" \/><\/a><p id=\"caption-attachment-59030\" class=\"wp-caption-text\">Na quarta-feira (24), a quantidade de pessoas no Centro foi menor que na primeira quinzena de junho<\/p><\/div>\n<p>De acordo com um levantamento feito com as c\u00e2meras de monitoramento da Guarda Municipal de Jundia\u00ed, instaladas no Centro, a quantidade de pessoas transitando na regi\u00e3o caiu 80% na segunda quinzena de junho em compara\u00e7\u00e3o a primeira metade do m\u00eas. A m\u00e9dia de mun\u00edcipes na rua foi de 100 pessoas por hora na primeira quinzena, contra 20 desde a ter\u00e7a-feira (16).<\/p>\n<p>No dia 1\u00ba de junho, o com\u00e9rcio n\u00e3o essencial come\u00e7ou a reabrir, de acordo com o decreto do Governo do Estado de S\u00e3o Paulo que prev\u00ea a volta gradual do funcionamento de alguns estabelecimentos, com o objetivo de evitar aglomera\u00e7\u00f5es e a prolifera\u00e7\u00e3o do Coronav\u00edrus.<\/p>\n<p>Segundo o comandante da GM, Benedito Marcos Moreno, cerca de mil pessoas por hora transitaram pelas ruas Bar\u00e3o de Jundia\u00ed e Ros\u00e1rio, ap\u00f3s mais de dois meses em que somente o com\u00e9rcio n\u00e3o essencial ficou aberto. &#8220;Este n\u00famero foi o pico de movimento em junho&#8221;, explicou.<\/p>\n<p>J\u00e1 a segunda semana tamb\u00e9m teve m\u00e9dia alta, em raz\u00e3o do feriado de Corpus Christi celebrado em 11 de junho, e no dia seguinte (12), ter sido comemorado o Dia dos Namorados, uma data importante para o com\u00e9rcio. \u201cParte da popula\u00e7\u00e3o mudou seu comportamento. Passou a sair apenas em caso de necessidade e entendeu a gravidade da pandemia\u201d, destacou.<\/p>\n<p>A Regi\u00e3o Central de Jundia\u00ed conta com a cobertura do Programa Centro Seguro. A base m\u00f3vel da GM fica na pra\u00e7a Governador Pedro de Toledo \u2013 a pra\u00e7a da Matriz \u2013 e oferece \u00e0 seguran\u00e7a dos mun\u00edcipes sete c\u00e2meras de monitoramento. Diariamente, 12 guardas, um subinspetor e um inspetor fazem as rondas pelo Centro, a p\u00e9 ou com viaturas.<\/p>\n<p><em>(Fonte\/Foto: Prefeitura de Jundia\u00ed)<\/em><\/p>\n","protected":false},"excerpt":{"rendered":"<p>No dia 1\u00ba de junho o com\u00e9rcio n\u00e3o essencial come\u00e7ou a reabrir <\/p>\n","protected":false},"author":13,"featured_media":59030,"comment_status":"closed","ping_status":"closed","sticky":false,"template":"","format":"standard","meta":{"footnotes":""},"categories":[2834,1,2839],"tags":[1627,7407,6242,5],"class_list":["post-59029","post","type-post","status-publish","format-standard","has-post-thumbnail","hentry","category-cidades","category-noticias","category-saude","tag-centro","tag-circulacao","tag-coronavirus","tag-jundiai"],"_links":{"self":[{"href":"https:\/\/tvtecjundiai.com.br\/news\/wp-json\/wp\/v2\/posts\/59029","targetHints":{"allow":["GET"]}}],"collection":[{"href":"https:\/\/tvtecjundiai.com.br\/news\/wp-json\/wp\/v2\/posts"}],"about":[{"href":"https:\/\/tvtecjundiai.com.br\/news\/wp-json\/wp\/v2\/types\/post"}],"author":[{"embeddable":true,"href":"https:\/\/tvtecjundiai.com.br\/news\/wp-json\/wp\/v2\/users\/13"}],"replies":[{"embeddable":true,"href":"https:\/\/tvtecjundiai.com.br\/news\/wp-json\/wp\/v2\/comments?post=59029"}],"version-history":[{"count":4,"href":"https:\/\/tvtecjundiai.com.br\/news\/wp-json\/wp\/v2\/posts\/59029\/revisions"}],"predecessor-version":[{"id":59040,"href":"https:\/\/tvtecjundiai.com.br\/news\/wp-json\/wp\/v2\/posts\/59029\/revisions\/59040"}],"wp:featuredmedia":[{"embeddable":true,"href":"https:\/\/tvtecjundiai.com.br\/news\/wp-json\/wp\/v2\/media\/59030"}],"wp:attachment":[{"href":"https:\/\/tvtecjundiai.com.br\/news\/wp-json\/wp\/v2\/media?parent=59029"}],"wp:term":[{"taxonomy":"category","embeddable":true,"href":"https:\/\/tvtecjundiai.com.br\/news\/wp-json\/wp\/v2\/categories?post=59029"},{"taxonomy":"post_tag","embeddable":true,"href":"https:\/\/tvtecjundiai.com.br\/news\/wp-json\/wp\/v2\/tags?post=59029"}],"curies":[{"name":"wp","href":"https:\/\/api.w.org\/{rel}","templated":true}]}}