{"id":59202,"date":"2020-07-09T13:49:51","date_gmt":"2020-07-09T16:49:51","guid":{"rendered":"https:\/\/tvtecjundiai.com.br\/news\/?p=59202"},"modified":"2020-07-09T14:27:26","modified_gmt":"2020-07-09T17:27:26","slug":"5-nutrientes-para-redobrar-a-atencao-nos-cuidados-com-a-imunidade","status":"publish","type":"post","link":"https:\/\/tvtecjundiai.com.br\/news\/2020\/07\/09\/5-nutrientes-para-redobrar-a-atencao-nos-cuidados-com-a-imunidade\/","title":{"rendered":"5 nutrientes para redobrar a aten\u00e7\u00e3o nos cuidados com a imunidade"},"content":{"rendered":"<div class=\"mc-column content-text active-extra-styles \" data-block-type=\"unstyled\" data-block-weight=\"43\" data-block-id=\"2\">\n<div id=\"attachment_59215\" style=\"width: 349px\" class=\"wp-caption alignright\"><img loading=\"lazy\" decoding=\"async\" aria-describedby=\"caption-attachment-59215\" class=\"wp-image-59215\" src=\"https:\/\/tvtecjundiai.com.br\/news\/wp-content\/uploads\/sites\/2\/2020\/06\/katie-smith-uQs1802D0CQ-unsplash-300x300.jpg\" alt=\"\" width=\"339\" height=\"339\" srcset=\"https:\/\/tvtecjundiai.com.br\/news\/wp-content\/uploads\/sites\/2\/2020\/06\/katie-smith-uQs1802D0CQ-unsplash-300x300.jpg 300w, https:\/\/tvtecjundiai.com.br\/news\/wp-content\/uploads\/sites\/2\/2020\/06\/katie-smith-uQs1802D0CQ-unsplash-100x100.jpg 100w, https:\/\/tvtecjundiai.com.br\/news\/wp-content\/uploads\/sites\/2\/2020\/06\/katie-smith-uQs1802D0CQ-unsplash-768x768.jpg 768w, https:\/\/tvtecjundiai.com.br\/news\/wp-content\/uploads\/sites\/2\/2020\/06\/katie-smith-uQs1802D0CQ-unsplash-960x960.jpg 960w, https:\/\/tvtecjundiai.com.br\/news\/wp-content\/uploads\/sites\/2\/2020\/06\/katie-smith-uQs1802D0CQ-unsplash.jpg 1280w\" sizes=\"auto, (max-width: 339px) 100vw, 339px\" \/><p id=\"caption-attachment-59215\" class=\"wp-caption-text\">Preocupa\u00e7\u00e3o com a defesa do organismo aumenta em per\u00edodos de clima frio; aten\u00e7\u00e3o \u00e0 alimenta\u00e7\u00e3o<\/p><\/div>\n<p class=\"content-text__container \" data-track-category=\"Link no Texto\" data-track-links=\"\">O clima est\u00e1 mudando e os dias mais frios chegaram. Com isso, aumenta-se a preocupa\u00e7\u00e3o com a imunidade. E em tempos de pandemia o cuidado deve ser redobrado. \u00c9 importante uma nutri\u00e7\u00e3o integrada aos cuidados com a sa\u00fade para potencializar as defesas corporais. A alimenta\u00e7\u00e3o \u00e9 o maior alicerce. A natureza oferece uma rica variedade de alimentos que fornecem nutrientes equilibrados.<\/p>\n<p class=\"content-text__container \" data-track-category=\"Link no Texto\" data-track-links=\"\">Confira 5 nutrientes e os seus respectivos alimentos\u00a0para voc\u00ea j\u00e1 incluir na lista de compras da semana:<\/p>\n<\/div>\n<div class=\"wall protected-content\">\n<div class=\"mc-column content-text active-extra-styles \" data-block-type=\"unstyled\" data-block-weight=\"40\" data-block-id=\"3\">\n<p data-track-category=\"Link no Texto\" data-track-links=\"\"><strong>Vitamina A:<\/strong> ovos, peixes e frutos do mar, desempenham um papel importante no fortalecimento do sistema imunol\u00f3gico. \u00c9 capaz de atuar na diminui\u00e7\u00e3o dos danos ao DNA, al\u00e9m de possuir propriedade antioxidante, combatendo a a\u00e7\u00e3o dos radicais livres.<\/p>\n<p data-track-category=\"Link no Texto\" data-track-links=\"\"><strong>Vitamina C:<\/strong> essencial no fortalecimento do sistema imunol\u00f3gico, pois ajuda a reparar e regenerar os tecidos contra doen\u00e7as. Em maiores concentra\u00e7\u00f5es, ela ajuda a diminuir a dura\u00e7\u00e3o e os sintomas de resfriado. S\u00e3o fonte de vitamina C as frutas c\u00edtricas, como acerola, goiaba, kiwi, morango, laranja, e os vegetais e legumes &#8211; piment\u00e3o, br\u00f3colis, couve.<\/p>\n<div class=\"mc-column content-text active-extra-styles\" data-block-type=\"raw\" data-block-weight=\"4\" data-block-id=\"10\">\n<div class=\"content-intertitle\">\n<p><strong>Vitaminas do complexo B: <\/strong>todas s\u00e3o importantes para a manuten\u00e7\u00e3o do sistema imunol\u00f3gico, especialmente a vitamina B6. O complexo B pode ser encontrado na batata inglesa, aveia, banana, g\u00e9rmen de trigo, abacate, levedo de cerveja, cereais, sementes, espinafre, peixe, leite e ovos.<\/p>\n<div class=\"mc-column content-text active-extra-styles \" data-block-type=\"unstyled\" data-block-weight=\"34\" data-block-id=\"13\">\n<p class=\"content-text__container \" data-track-category=\"Link no Texto\" data-track-links=\"\"><strong>Vitamina E:<\/strong> uma vitamina lipossol\u00favel necess\u00e1ria para o bom funcionamento de diferentes \u00f3rg\u00e3os do corpo, al\u00e9m de ter alta propriedade antioxidante. A vitamina E \u00e9 normalmente encontrada em alimentos como cereais, \u00f3leos vegetais, carnes e ovos.<\/p>\n<div class=\"mc-column content-text active-extra-styles\" data-block-type=\"raw\" data-block-weight=\"1\" data-block-id=\"14\">\n<div class=\"content-intertitle\">\n<p><strong>Sel\u00eanio:<\/strong> mineral presente em maiores quantidades na castanha do Par\u00e1, mas que est\u00e1 presente em outros alimentos como cereais &#8211; arroz integral. Ele tem a\u00e7\u00e3o de aumentar a resist\u00eancia do sistema imune, potencializando a resposta do corpo no combate de combater as doen\u00e7as infecciosas.<\/p>\n<p><em>(Fonte: Globo.com\/Foto: Katie Smith\/Unsplash)<\/em><\/p>\n<\/div>\n<\/div>\n<\/div>\n<\/div>\n<\/div>\n<\/div>\n<\/div>\n","protected":false},"excerpt":{"rendered":"<p>Preocupa\u00e7\u00e3o com a defesa do organismo aumenta devido ao clima frio<\/p>\n","protected":false},"author":18,"featured_media":59215,"comment_status":"closed","ping_status":"closed","sticky":false,"template":"","format":"standard","meta":{"footnotes":""},"categories":[1,2839],"tags":[922,6242,7553,7552],"class_list":["post-59202","post","type-post","status-publish","format-standard","has-post-thumbnail","hentry","category-noticias","category-saude","tag-alimentacao","tag-coronavirus","tag-imuidade","tag-vitaminas"],"_links":{"self":[{"href":"https:\/\/tvtecjundiai.com.br\/news\/wp-json\/wp\/v2\/posts\/59202","targetHints":{"allow":["GET"]}}],"collection":[{"href":"https:\/\/tvtecjundiai.com.br\/news\/wp-json\/wp\/v2\/posts"}],"about":[{"href":"https:\/\/tvtecjundiai.com.br\/news\/wp-json\/wp\/v2\/types\/post"}],"author":[{"embeddable":true,"href":"https:\/\/tvtecjundiai.com.br\/news\/wp-json\/wp\/v2\/users\/18"}],"replies":[{"embeddable":true,"href":"https:\/\/tvtecjundiai.com.br\/news\/wp-json\/wp\/v2\/comments?post=59202"}],"version-history":[{"count":6,"href":"https:\/\/tvtecjundiai.com.br\/news\/wp-json\/wp\/v2\/posts\/59202\/revisions"}],"predecessor-version":[{"id":60775,"href":"https:\/\/tvtecjundiai.com.br\/news\/wp-json\/wp\/v2\/posts\/59202\/revisions\/60775"}],"wp:featuredmedia":[{"embeddable":true,"href":"https:\/\/tvtecjundiai.com.br\/news\/wp-json\/wp\/v2\/media\/59215"}],"wp:attachment":[{"href":"https:\/\/tvtecjundiai.com.br\/news\/wp-json\/wp\/v2\/media?parent=59202"}],"wp:term":[{"taxonomy":"category","embeddable":true,"href":"https:\/\/tvtecjundiai.com.br\/news\/wp-json\/wp\/v2\/categories?post=59202"},{"taxonomy":"post_tag","embeddable":true,"href":"https:\/\/tvtecjundiai.com.br\/news\/wp-json\/wp\/v2\/tags?post=59202"}],"curies":[{"name":"wp","href":"https:\/\/api.w.org\/{rel}","templated":true}]}}