{"id":59221,"date":"2020-06-26T12:09:32","date_gmt":"2020-06-26T15:09:32","guid":{"rendered":"https:\/\/tvtecjundiai.com.br\/news\/?p=59221"},"modified":"2020-06-26T12:27:40","modified_gmt":"2020-06-26T15:27:40","slug":"perfis-do-homem-pateta-no-facebook-assustam-e-induzem-criancas-ao-perigo","status":"publish","type":"post","link":"https:\/\/tvtecjundiai.com.br\/news\/2020\/06\/26\/perfis-do-homem-pateta-no-facebook-assustam-e-induzem-criancas-ao-perigo\/","title":{"rendered":"Perfis do &#8220;Homem-Pateta&#8221; no Facebook assustam e induzem crian\u00e7as ao perigo"},"content":{"rendered":"<p>Um alerta da Pol\u00edcia Civil de Santa Catarina, emitido na semana passada, est\u00e1 chamando a aten\u00e7\u00e3o para conte\u00fado viral misterioso e apontado como perigoso, como os da Baleia Azul e da boneca Momo. Foram descobertos novos perfis falsos com o nome de Jonathan Galindo, tamb\u00e9m chamado &#8220;Homem-Pateta&#8221;, para supostamente atrair crian\u00e7as e adolescentes no Facebook.<\/p>\n<div id=\"attachment_59239\" style=\"width: 510px\" class=\"wp-caption alignright\"><a href=\"https:\/\/tvtecjundiai.com.br\/news\/wp-content\/uploads\/sites\/2\/2020\/06\/lista-de-perfis-no-facebook-de-jonathan-galindo-tambem-conhecido-como-homem-pateta-1593104901737_v2_900x506.png\"><img loading=\"lazy\" decoding=\"async\" aria-describedby=\"caption-attachment-59239\" class=\"wp-image-59239\" src=\"https:\/\/tvtecjundiai.com.br\/news\/wp-content\/uploads\/sites\/2\/2020\/06\/lista-de-perfis-no-facebook-de-jonathan-galindo-tambem-conhecido-como-homem-pateta-1593104901737_v2_900x506-300x169.png\" alt=\"\" width=\"500\" height=\"281\" srcset=\"https:\/\/tvtecjundiai.com.br\/news\/wp-content\/uploads\/sites\/2\/2020\/06\/lista-de-perfis-no-facebook-de-jonathan-galindo-tambem-conhecido-como-homem-pateta-1593104901737_v2_900x506-300x169.png 300w, https:\/\/tvtecjundiai.com.br\/news\/wp-content\/uploads\/sites\/2\/2020\/06\/lista-de-perfis-no-facebook-de-jonathan-galindo-tambem-conhecido-como-homem-pateta-1593104901737_v2_900x506-768x432.png 768w, https:\/\/tvtecjundiai.com.br\/news\/wp-content\/uploads\/sites\/2\/2020\/06\/lista-de-perfis-no-facebook-de-jonathan-galindo-tambem-conhecido-como-homem-pateta-1593104901737_v2_900x506.png 900w\" sizes=\"auto, (max-width: 500px) 100vw, 500px\" \/><\/a><p id=\"caption-attachment-59239\" class=\"wp-caption-text\">O alerta foi divulgado para informar pais, respons\u00e1veis e professores sobre o caso<\/p><\/div>\n<p>O objetivo das p\u00e1ginas, segundo a pol\u00edcia, \u00e9 atrair menores para conversas privadas. Sendo assim, eles enviam mensagens assustadoras e fazem desafios, alguns deles com incentivo ao suic\u00eddio. O alerta foi divulgado para informar pais, respons\u00e1veis e professores sobre o caso.<\/p>\n<p>Os perfis usam como foto principal a imagem de um homem com uma m\u00e1scara que imita o focinho do personagem Pateta, dos desenhos da Disney. At\u00e9 a data de publica\u00e7\u00e3o desta not\u00edcia, os perfis continuavam funcionando na rede social, criados em locais diferentes, como Nova York, Monterrey e Jacarta.<\/p>\n<p>O Facebook informou que est\u00e1 investigando o caso e os conte\u00fados das p\u00e1ginas. Como foram identificados diferentes perfis com o nome Jonathan Galindo, a plataforma presume que trata-se de contas falsas, o que j\u00e1 configura viola\u00e7\u00e3o das pol\u00edticas da plataforma.<\/p>\n<p>Da mesma forma, promover automutila\u00e7\u00e3o e\/ou suic\u00eddio s\u00e3o condutas n\u00e3o permitidas no Facebook. A plataforma ainda informou que conta com uma Central de Seguran\u00e7a com orienta\u00e7\u00f5es de privacidade e seguran\u00e7a, assim como um Portal dos Pais com dicas de especialistas. Vale lembrar que a idade m\u00ednima para abrir uma conta na rede social \u00e9 13 anos.<\/p>\n<p><em>(Fonte: Uol\/Foto: Reprodu\u00e7\u00e3o)<\/em><\/p>\n","protected":false},"excerpt":{"rendered":"<p>O alerta foi divulgado para informar pais, respons\u00e1veis e professores sobre o caso<\/p>\n","protected":false},"author":18,"featured_media":59248,"comment_status":"closed","ping_status":"closed","sticky":false,"template":"","format":"standard","meta":{"footnotes":""},"categories":[1,4739,2824],"tags":[],"class_list":["post-59221","post","type-post","status-publish","format-standard","has-post-thumbnail","hentry","category-noticias","category-policia","category-variedades"],"_links":{"self":[{"href":"https:\/\/tvtecjundiai.com.br\/news\/wp-json\/wp\/v2\/posts\/59221","targetHints":{"allow":["GET"]}}],"collection":[{"href":"https:\/\/tvtecjundiai.com.br\/news\/wp-json\/wp\/v2\/posts"}],"about":[{"href":"https:\/\/tvtecjundiai.com.br\/news\/wp-json\/wp\/v2\/types\/post"}],"author":[{"embeddable":true,"href":"https:\/\/tvtecjundiai.com.br\/news\/wp-json\/wp\/v2\/users\/18"}],"replies":[{"embeddable":true,"href":"https:\/\/tvtecjundiai.com.br\/news\/wp-json\/wp\/v2\/comments?post=59221"}],"version-history":[{"count":4,"href":"https:\/\/tvtecjundiai.com.br\/news\/wp-json\/wp\/v2\/posts\/59221\/revisions"}],"predecessor-version":[{"id":59249,"href":"https:\/\/tvtecjundiai.com.br\/news\/wp-json\/wp\/v2\/posts\/59221\/revisions\/59249"}],"wp:featuredmedia":[{"embeddable":true,"href":"https:\/\/tvtecjundiai.com.br\/news\/wp-json\/wp\/v2\/media\/59248"}],"wp:attachment":[{"href":"https:\/\/tvtecjundiai.com.br\/news\/wp-json\/wp\/v2\/media?parent=59221"}],"wp:term":[{"taxonomy":"category","embeddable":true,"href":"https:\/\/tvtecjundiai.com.br\/news\/wp-json\/wp\/v2\/categories?post=59221"},{"taxonomy":"post_tag","embeddable":true,"href":"https:\/\/tvtecjundiai.com.br\/news\/wp-json\/wp\/v2\/tags?post=59221"}],"curies":[{"name":"wp","href":"https:\/\/api.w.org\/{rel}","templated":true}]}}