{"id":59225,"date":"2020-06-26T12:49:19","date_gmt":"2020-06-26T15:49:19","guid":{"rendered":"https:\/\/tvtecjundiai.com.br\/news\/?p=59225"},"modified":"2020-06-26T12:55:35","modified_gmt":"2020-06-26T15:55:35","slug":"maior-raio-do-mundo-e-registrado-no-brasil","status":"publish","type":"post","link":"https:\/\/tvtecjundiai.com.br\/news\/2020\/06\/26\/maior-raio-do-mundo-e-registrado-no-brasil\/","title":{"rendered":"Maior raio do mundo \u00e9 registrado no Brasil"},"content":{"rendered":"<div class=\"mc-column content-text active-extra-styles \" data-block-type=\"unstyled\" data-block-weight=\"31\" data-block-id=\"2\">\n<p class=\"content-text__container \" data-track-category=\"Link no Texto\" data-track-links=\"\">A Organiza\u00e7\u00e3o Meteorol\u00f3gica Mundial (OMM) anunciou nesta sexta-feira (26) o registro de dois recordes de raios: o mais extenso em dist\u00e2ncia percorrida, e o mais longo em segundos. S\u00e3o os &#8220;megaflashes&#8221;.<\/p>\n<\/div>\n<div class=\"wall protected-content\">\n<div class=\"mc-column content-text active-extra-styles\" data-block-type=\"raw\" data-block-weight=\"101\" data-block-id=\"3\">\n<ul class=\"content-unordered-list\">\n<li><a href=\"https:\/\/tvtecjundiai.com.br\/news\/wp-content\/uploads\/sites\/2\/2020\/06\/satelite-1.png\"><img loading=\"lazy\" decoding=\"async\" class=\"wp-image-59255\" src=\"https:\/\/tvtecjundiai.com.br\/news\/wp-content\/uploads\/sites\/2\/2020\/06\/satelite-1-300x160.png\" alt=\"\" width=\"500\" height=\"267\" srcset=\"https:\/\/tvtecjundiai.com.br\/news\/wp-content\/uploads\/sites\/2\/2020\/06\/satelite-1-300x160.png 300w, https:\/\/tvtecjundiai.com.br\/news\/wp-content\/uploads\/sites\/2\/2020\/06\/satelite-1-768x410.png 768w, https:\/\/tvtecjundiai.com.br\/news\/wp-content\/uploads\/sites\/2\/2020\/06\/satelite-1.png 1000w\" sizes=\"auto, (max-width: 500px) 100vw, 500px\" \/><\/a>\n<p>O recorde de raio mais extenso \u00e9 do Brasil:\u00a0Ele percorreu\u00a0709 km\u00a0em uma linha horizontal, cortando o Sul do Brasil, em 31 de outubro de 2018. \u00c9 mais que o dobro do recorde anterior, registrado em Oklahoma (EUA), com 321 km.<\/li>\n<li>O recorde de raio com dura\u00e7\u00e3o mais longa \u00e9 da Argentina:\u00a0Ele durou\u00a016,73 segundos\u00a0a partir de um flash que come\u00e7ou no norte da Argentina, em 4 de mar\u00e7o de 2019. Ele tamb\u00e9m \u00e9 mais que o dobro do recorde anterior, de 7,74 segundos registrado em Provence-Alpes-C\u00f4te d&#8217;Azur, Fran\u00e7a em 30 de agosto de 2012.<\/li>\n<\/ul>\n<div class=\"mc-column content-text active-extra-styles \" data-block-type=\"unstyled\" data-block-weight=\"35\" data-block-id=\"6\">\n<p class=\"content-text__container \" data-track-category=\"Link no Texto\" data-track-links=\"\">O novo recorde foi estabelecido devido a uma nova tecnologia de imagens por sat\u00e9lite. Mas, segundo a OMM, tanto o registro anterior quanto o novo usaram a mesma metodologia para medir a extens\u00e3o do flash. As descobertas foram publicadas pelas Cartas de Pesquisa Geof\u00edsica da American Geophysical Union, antev\u00e9spera do Dia Internacional da Seguran\u00e7a contra Raios, em 28 de junho.<\/p>\n<div class=\"mc-column content-text active-extra-styles \" data-block-type=\"unstyled\" data-block-weight=\"67\" data-block-id=\"8\">\n<p class=\"content-text__container \" data-track-category=\"Link no Texto\" data-track-links=\"\">\u201cEsses s\u00e3o registros extraordin\u00e1rios de eventos \u00fanicos de rel\u00e2mpagos. Eventos clim\u00e1ticos extremos s\u00e3o medidas vivas do que a natureza \u00e9 capaz, bem como o progresso cient\u00edfico em poder fazer essas avalia\u00e7\u00f5es. \u00c9 prov\u00e1vel que ainda haja extremos ainda maiores e que possamos observ\u00e1-los na medida que a tecnologia de detec\u00e7\u00e3o de raios melhorar \u201d, disse o professor Randall Cerveny, relator-chefe de extremos clim\u00e1ticos da OMM.<\/p>\n<\/div>\n<div class=\"mc-column content-text active-extra-styles \" data-block-type=\"unstyled\" data-block-weight=\"27\" data-block-id=\"9\">\n<p class=\"content-text__container \" data-track-category=\"Link no Texto\" data-track-links=\"\">&#8220;Isso fornecer\u00e1 informa\u00e7\u00f5es valiosas para o estabelecimento de limites \u00e0 escala de raios \u2013 incluindo megaflashes \u2013 para quest\u00f5es de engenharia, seguran\u00e7a e cient\u00edficas&#8221;, disse ele.<\/p>\n<\/div>\n<\/div>\n<div class=\"mc-column content-text active-extra-styles \" data-block-type=\"unstyled\" data-block-weight=\"35\" data-block-id=\"10\">\n<p class=\"content-text__container \" data-track-category=\"Link no Texto\" data-track-links=\"\">Os raios representam um grande risco \u00e0 vida de muitas pessoas, todos os anos. As descobertas destacam importantes preocupa\u00e7\u00f5es de seguran\u00e7a p\u00fablica contra raios para nuvens eletrificadas, onde os flashes podem percorrer dist\u00e2ncias extremamente grandes.<\/p>\n<\/div>\n<div class=\"mc-column content-text active-extra-styles \" data-block-type=\"unstyled\" data-block-weight=\"70\" data-block-id=\"13\"><em>(Fonte: G1\/Foto: <a href=\"http:\/\/www.rseletrotec.com.br\/site\/o-brasil-e-o-campeao-em-quedas-de-raio-saiba-como-se-proteger-contra-descargas-atmosfericas-raios\/\">rseletrotec<\/a>)<\/em><\/div>\n<\/div>\n<\/div>\n","protected":false},"excerpt":{"rendered":"<p>Raio cortou o Sul do Brasil em outubro de 2018 <\/p>\n","protected":false},"author":13,"featured_media":59253,"comment_status":"closed","ping_status":"closed","sticky":false,"template":"","format":"standard","meta":{"footnotes":""},"categories":[5159,3185,1,4831],"tags":[1903,687],"class_list":["post-59225","post","type-post","status-publish","format-standard","has-post-thumbnail","hentry","category-ciencias","category-clima","category-noticias","category-seguranca","tag-brasil","tag-raios"],"_links":{"self":[{"href":"https:\/\/tvtecjundiai.com.br\/news\/wp-json\/wp\/v2\/posts\/59225","targetHints":{"allow":["GET"]}}],"collection":[{"href":"https:\/\/tvtecjundiai.com.br\/news\/wp-json\/wp\/v2\/posts"}],"about":[{"href":"https:\/\/tvtecjundiai.com.br\/news\/wp-json\/wp\/v2\/types\/post"}],"author":[{"embeddable":true,"href":"https:\/\/tvtecjundiai.com.br\/news\/wp-json\/wp\/v2\/users\/13"}],"replies":[{"embeddable":true,"href":"https:\/\/tvtecjundiai.com.br\/news\/wp-json\/wp\/v2\/comments?post=59225"}],"version-history":[{"count":4,"href":"https:\/\/tvtecjundiai.com.br\/news\/wp-json\/wp\/v2\/posts\/59225\/revisions"}],"predecessor-version":[{"id":59260,"href":"https:\/\/tvtecjundiai.com.br\/news\/wp-json\/wp\/v2\/posts\/59225\/revisions\/59260"}],"wp:featuredmedia":[{"embeddable":true,"href":"https:\/\/tvtecjundiai.com.br\/news\/wp-json\/wp\/v2\/media\/59253"}],"wp:attachment":[{"href":"https:\/\/tvtecjundiai.com.br\/news\/wp-json\/wp\/v2\/media?parent=59225"}],"wp:term":[{"taxonomy":"category","embeddable":true,"href":"https:\/\/tvtecjundiai.com.br\/news\/wp-json\/wp\/v2\/categories?post=59225"},{"taxonomy":"post_tag","embeddable":true,"href":"https:\/\/tvtecjundiai.com.br\/news\/wp-json\/wp\/v2\/tags?post=59225"}],"curies":[{"name":"wp","href":"https:\/\/api.w.org\/{rel}","templated":true}]}}