{"id":5923,"date":"2018-02-01T13:16:00","date_gmt":"2018-02-01T15:16:00","guid":{"rendered":"https:\/\/tvtecjundiai.com.br\/news\/?p=5923"},"modified":"2018-02-01T13:17:05","modified_gmt":"2018-02-01T15:17:05","slug":"cidades-bloquinho-mamae-eu-quero-agita-a-criancada-no-parque-da-cidade","status":"publish","type":"post","link":"https:\/\/tvtecjundiai.com.br\/news\/2018\/02\/01\/cidades-bloquinho-mamae-eu-quero-agita-a-criancada-no-parque-da-cidade\/","title":{"rendered":"Cidades: bloquinho \u201cMam\u00e3e eu quero\u201d agita a crian\u00e7ada no Parque da Cidade"},"content":{"rendered":"<p><a href=\"https:\/\/tvtecjundiai.com.br\/news\/wp-content\/uploads\/sites\/2\/2018\/02\/Crian\u00e7as-carnaval.jpg\"><img loading=\"lazy\" decoding=\"async\" class=\"wp-image-5924 alignright\" src=\"https:\/\/tvtecjundiai.com.br\/news\/wp-content\/uploads\/sites\/2\/2018\/02\/Crian\u00e7as-carnaval-300x189.jpg\" alt=\"\" width=\"400\" height=\"252\" srcset=\"https:\/\/tvtecjundiai.com.br\/news\/wp-content\/uploads\/sites\/2\/2018\/02\/Crian\u00e7as-carnaval-300x189.jpg 300w, https:\/\/tvtecjundiai.com.br\/news\/wp-content\/uploads\/sites\/2\/2018\/02\/Crian\u00e7as-carnaval-768x484.jpg 768w, https:\/\/tvtecjundiai.com.br\/news\/wp-content\/uploads\/sites\/2\/2018\/02\/Crian\u00e7as-carnaval.jpg 800w\" sizes=\"auto, (max-width: 400px) 100vw, 400px\" \/><\/a>O Carnaval est\u00e1 chegando e domingo, dia 4, \u00e9 a vez da crian\u00e7ada cair na folia no Parque da Cidade: o bloquinho \u201cMam\u00e3e Eu Quero\u201d prepara uma festa a partir das 15 horas para toda a fam\u00edlia.<\/p>\n<p>Ao som de m\u00fasicas infantis e marchinhas, o bloco \u00e9 uma op\u00e7\u00e3o divertida e confort\u00e1vel para curtir com as crian\u00e7as de 0 a 12 anos. \u201cO bloco come\u00e7ou h\u00e1 tr\u00eas anos. Este ano, as m\u00e3es pediram para fazer no Parque da Cidade, por conta da estrutura de estacionamento e alimenta\u00e7\u00e3o, al\u00e9m do aconchego\u201d, conta Talita Gon\u00e7alves, uma das organizadoras do bloco. \u201cPara seguran\u00e7a de todos, o trio el\u00e9trico fica estacionado\u201d, acrescenta Daniele Souza, que tamb\u00e9m integra a organiza\u00e7\u00e3o.<\/p>\n<p>Para os pais, a dica \u00e9 hidratar as crian\u00e7as, usar roupas leves, passar protetor solar e repelente. O \u201cMam\u00e3e eu quero\u201d tem entrada livre e a folia vai at\u00e9 as 18 horas. \u00c9 s\u00f3 preparar a fantasia e se divertir!<\/p>\n<p><em>(Fonte: Parque da Cidade)<\/em><\/p>\n","protected":false},"excerpt":{"rendered":"<p>A entrada \u00e9 livre e a folia vai at\u00e9 as 18 horas<\/p>\n","protected":false},"author":10,"featured_media":5924,"comment_status":"closed","ping_status":"closed","sticky":false,"template":"","format":"standard","meta":{"footnotes":""},"categories":[1],"tags":[2195,2152,5,2194,623,15],"class_list":["post-5923","post","type-post","status-publish","format-standard","has-post-thumbnail","hentry","category-noticias","tag-bloco","tag-carnaval","tag-jundiai","tag-mamae-eu-quero","tag-parque-da-cidade","tag-tvtec"],"_links":{"self":[{"href":"https:\/\/tvtecjundiai.com.br\/news\/wp-json\/wp\/v2\/posts\/5923","targetHints":{"allow":["GET"]}}],"collection":[{"href":"https:\/\/tvtecjundiai.com.br\/news\/wp-json\/wp\/v2\/posts"}],"about":[{"href":"https:\/\/tvtecjundiai.com.br\/news\/wp-json\/wp\/v2\/types\/post"}],"author":[{"embeddable":true,"href":"https:\/\/tvtecjundiai.com.br\/news\/wp-json\/wp\/v2\/users\/10"}],"replies":[{"embeddable":true,"href":"https:\/\/tvtecjundiai.com.br\/news\/wp-json\/wp\/v2\/comments?post=5923"}],"version-history":[{"count":3,"href":"https:\/\/tvtecjundiai.com.br\/news\/wp-json\/wp\/v2\/posts\/5923\/revisions"}],"predecessor-version":[{"id":5927,"href":"https:\/\/tvtecjundiai.com.br\/news\/wp-json\/wp\/v2\/posts\/5923\/revisions\/5927"}],"wp:featuredmedia":[{"embeddable":true,"href":"https:\/\/tvtecjundiai.com.br\/news\/wp-json\/wp\/v2\/media\/5924"}],"wp:attachment":[{"href":"https:\/\/tvtecjundiai.com.br\/news\/wp-json\/wp\/v2\/media?parent=5923"}],"wp:term":[{"taxonomy":"category","embeddable":true,"href":"https:\/\/tvtecjundiai.com.br\/news\/wp-json\/wp\/v2\/categories?post=5923"},{"taxonomy":"post_tag","embeddable":true,"href":"https:\/\/tvtecjundiai.com.br\/news\/wp-json\/wp\/v2\/tags?post=5923"}],"curies":[{"name":"wp","href":"https:\/\/api.w.org\/{rel}","templated":true}]}}