{"id":59234,"date":"2020-06-26T12:19:08","date_gmt":"2020-06-26T15:19:08","guid":{"rendered":"https:\/\/tvtecjundiai.com.br\/news\/?p=59234"},"modified":"2020-06-26T12:20:06","modified_gmt":"2020-06-26T15:20:06","slug":"educacao-de-jundiai-recebe-selo-de-qualidade-nacional","status":"publish","type":"post","link":"https:\/\/tvtecjundiai.com.br\/news\/2020\/06\/26\/educacao-de-jundiai-recebe-selo-de-qualidade-nacional\/","title":{"rendered":"Educa\u00e7\u00e3o de Jundia\u00ed recebe selo de qualidade nacional"},"content":{"rendered":"<div id=\"attachment_59238\" style=\"width: 451px\" class=\"wp-caption alignright\"><a href=\"https:\/\/tvtecjundiai.com.br\/news\/wp-content\/uploads\/sites\/2\/2020\/06\/fablab_alunos_emeb-marcos-gasparian-157-1280x853.jpg\"><img loading=\"lazy\" decoding=\"async\" aria-describedby=\"caption-attachment-59238\" class=\"wp-image-59238\" src=\"https:\/\/tvtecjundiai.com.br\/news\/wp-content\/uploads\/sites\/2\/2020\/06\/fablab_alunos_emeb-marcos-gasparian-157-1280x853-300x200.jpg\" alt=\"\" width=\"441\" height=\"294\" srcset=\"https:\/\/tvtecjundiai.com.br\/news\/wp-content\/uploads\/sites\/2\/2020\/06\/fablab_alunos_emeb-marcos-gasparian-157-1280x853-300x200.jpg 300w, https:\/\/tvtecjundiai.com.br\/news\/wp-content\/uploads\/sites\/2\/2020\/06\/fablab_alunos_emeb-marcos-gasparian-157-1280x853-768x512.jpg 768w, https:\/\/tvtecjundiai.com.br\/news\/wp-content\/uploads\/sites\/2\/2020\/06\/fablab_alunos_emeb-marcos-gasparian-157-1280x853-1200x800.jpg 1200w, https:\/\/tvtecjundiai.com.br\/news\/wp-content\/uploads\/sites\/2\/2020\/06\/fablab_alunos_emeb-marcos-gasparian-157-1280x853.jpg 1280w\" sizes=\"auto, (max-width: 441px) 100vw, 441px\" \/><\/a><p id=\"caption-attachment-59238\" class=\"wp-caption-text\">FabLab municipal implantado em parceria com o Sesi \u00e9 diferencial para a rede de Jundia\u00ed<\/p><\/div>\n<p>A Educa\u00e7\u00e3o da Prefeitura de Jundia\u00ed recebeu o selo de reconhecimento de qualidade prestada \u00e0 &#8216;Bom Percurso&#8217;, pelo estudo &#8216;Educa\u00e7\u00e3o que Faz a Diferen\u00e7a&#8217;, realizado em 118 redes municipais do Brasil, pelo Instituto Rui Barbosa, o Comit\u00ea T\u00e9cnico da Educa\u00e7\u00e3o Instituto Rui Barbosa e o IEDE (Interdisciplinaridade e Evid\u00eancias no Debate Educacional).<\/p>\n<p>\u201cOs avan\u00e7os se seguiram com o curr\u00edculo jundiaiense, o ensino de ingl\u00eas a partir dos 4 anos e o primeiro FabLab municipal implementado em parceria com o Sesi, al\u00e9m a alimenta\u00e7\u00e3o org\u00e2nica s\u00e3o conquistas celebradas com este selo nacional, aferido por t\u00e9cnicos que avaliaram todos os quesitos que envolvem o ensino \u00e0s crian\u00e7as\u201d, resume o prefeito Luiz Fernando Machado.<\/p>\n<p>O projeto Educa\u00e7\u00e3o que Faz a Diferen\u00e7a teve dois grandes objetivos: reconhecer e dar visibilidade \u00e0s redes de ensino municipais que est\u00e3o realizando um trabalho de destaque no ensino fundamental; e identificar e documentar as pr\u00e1ticas pedag\u00f3gicas e de gest\u00e3o empregadas por essas redes, de modo que possam servir de inspira\u00e7\u00e3o para outros munic\u00edpios com resultados educacionais n\u00e3o t\u00e3o satisfat\u00f3rios.<\/p>\n<p>\u201cA Educa\u00e7\u00e3o inovadora aplicada em Jundia\u00ed tem como foco o desenvolvimento do aluno potente, criativo e anal\u00edtico, preparado para o futuro. Os educadores recebem forma\u00e7\u00f5es ao longo do ano para que contem com ferramentas para auxiliar os meninos e meninas de Jundia\u00ed nos desafios propostos. Contamos com profici\u00eancia de 97% \u2013 leitura e escrita e opera\u00e7\u00f5es matem\u00e1ticas b\u00e1sicas \u2013 aos 7 anos, um ano antes da orienta\u00e7\u00e3o federal para o Ensino Fundamental\u201d, argumenta a gestora da Unidade de Gest\u00e3o de Educa\u00e7\u00e3o, Vast\u00ed Ferrari Marques.<\/p>\n<p><em>(Fonte\/Foto: Prefeitura de Jundia\u00ed)<\/em><\/p>\n","protected":false},"excerpt":{"rendered":"<p>FabLab municipal implantado em parceria com o Sesi \u00e9 diferencial para a rede de Jundia\u00ed<\/p>\n","protected":false},"author":13,"featured_media":59238,"comment_status":"closed","ping_status":"closed","sticky":false,"template":"","format":"standard","meta":{"footnotes":""},"categories":[2834,2828,1],"tags":[21,5,2448],"class_list":["post-59234","post","type-post","status-publish","format-standard","has-post-thumbnail","hentry","category-cidades","category-educacao","category-noticias","tag-educacao","tag-jundiai","tag-selo-de-qualidade"],"_links":{"self":[{"href":"https:\/\/tvtecjundiai.com.br\/news\/wp-json\/wp\/v2\/posts\/59234","targetHints":{"allow":["GET"]}}],"collection":[{"href":"https:\/\/tvtecjundiai.com.br\/news\/wp-json\/wp\/v2\/posts"}],"about":[{"href":"https:\/\/tvtecjundiai.com.br\/news\/wp-json\/wp\/v2\/types\/post"}],"author":[{"embeddable":true,"href":"https:\/\/tvtecjundiai.com.br\/news\/wp-json\/wp\/v2\/users\/13"}],"replies":[{"embeddable":true,"href":"https:\/\/tvtecjundiai.com.br\/news\/wp-json\/wp\/v2\/comments?post=59234"}],"version-history":[{"count":2,"href":"https:\/\/tvtecjundiai.com.br\/news\/wp-json\/wp\/v2\/posts\/59234\/revisions"}],"predecessor-version":[{"id":59244,"href":"https:\/\/tvtecjundiai.com.br\/news\/wp-json\/wp\/v2\/posts\/59234\/revisions\/59244"}],"wp:featuredmedia":[{"embeddable":true,"href":"https:\/\/tvtecjundiai.com.br\/news\/wp-json\/wp\/v2\/media\/59238"}],"wp:attachment":[{"href":"https:\/\/tvtecjundiai.com.br\/news\/wp-json\/wp\/v2\/media?parent=59234"}],"wp:term":[{"taxonomy":"category","embeddable":true,"href":"https:\/\/tvtecjundiai.com.br\/news\/wp-json\/wp\/v2\/categories?post=59234"},{"taxonomy":"post_tag","embeddable":true,"href":"https:\/\/tvtecjundiai.com.br\/news\/wp-json\/wp\/v2\/tags?post=59234"}],"curies":[{"name":"wp","href":"https:\/\/api.w.org\/{rel}","templated":true}]}}