{"id":59307,"date":"2020-06-26T15:51:53","date_gmt":"2020-06-26T18:51:53","guid":{"rendered":"https:\/\/tvtecjundiai.com.br\/news\/?p=59307"},"modified":"2020-06-26T15:53:56","modified_gmt":"2020-06-26T18:53:56","slug":"festival-carta-da-terra-une-caetano-gil-arnaldo-antunes-e-monja-coen","status":"publish","type":"post","link":"https:\/\/tvtecjundiai.com.br\/news\/2020\/06\/26\/festival-carta-da-terra-une-caetano-gil-arnaldo-antunes-e-monja-coen\/","title":{"rendered":"Festival Carta da Terra une Caetano, Gil, Arnaldo Antunes e Monja Coen"},"content":{"rendered":"<div id=\"attachment_59309\" style=\"width: 421px\" class=\"wp-caption alignright\"><a href=\"https:\/\/tvtecjundiai.com.br\/news\/wp-content\/uploads\/sites\/2\/2020\/06\/festival-da-terra-20-anos-910x607.jpg\"><img loading=\"lazy\" decoding=\"async\" aria-describedby=\"caption-attachment-59309\" class=\"wp-image-59309\" src=\"https:\/\/tvtecjundiai.com.br\/news\/wp-content\/uploads\/sites\/2\/2020\/06\/festival-da-terra-20-anos-910x607-300x200.jpg\" alt=\"\" width=\"411\" height=\"274\" srcset=\"https:\/\/tvtecjundiai.com.br\/news\/wp-content\/uploads\/sites\/2\/2020\/06\/festival-da-terra-20-anos-910x607-300x200.jpg 300w, https:\/\/tvtecjundiai.com.br\/news\/wp-content\/uploads\/sites\/2\/2020\/06\/festival-da-terra-20-anos-910x607-768x512.jpg 768w, https:\/\/tvtecjundiai.com.br\/news\/wp-content\/uploads\/sites\/2\/2020\/06\/festival-da-terra-20-anos-910x607.jpg 910w\" sizes=\"auto, (max-width: 411px) 100vw, 411px\" \/><\/a><p id=\"caption-attachment-59309\" class=\"wp-caption-text\">O evento d\u00e1 in\u00edcio a uma s\u00e9rie de debates virtuais que ocorrem at\u00e9 o final de 2020.<\/p><\/div>\n<p>Um grande time de artistas, ativistas socioambientes e l\u00edderes religiosos participa do Festival Carta da Terra, em comemora\u00e7\u00e3o aos 20 anos do documento com diretrizes para o desenvolvimento sustent\u00e1vel do planeta. A live ser\u00e1 transmitida no\u00a0canal ECInternacional no <a href=\"https:\/\/www.youtube.com\/user\/ECInternational\">YouTube<\/a> e na <a href=\"https:\/\/www.facebook.com\/EarthCharterInternational\">fanpage <\/a>@EarthCharterInternational\u00a0 na segunda-feira, (29), a partir das 19h.<\/p>\n<p>Apresentado pela atriz\u00a0Maria Paula, o festival conta com depoimentos e bate-papos com essas personalidades nacionais e internacionais sobre a import\u00e2ncia da Carta da Terra, os objetivos de desenvolvimento sustent\u00e1vel e o \u201cnovo normal\u201d no mundo p\u00f3s Coronav\u00edrus e entre os temas, artistas da m\u00fasica apresentam pocket shows.<\/p>\n<p>O evento d\u00e1 in\u00edcio a uma s\u00e9rie de debates virtuais que ocorrem at\u00e9 o final de 2020. O projeto ainda contar\u00e1 com o lan\u00e7amento de dois livros reeditados da Carta da Terra e um curso EAD para a forma\u00e7\u00e3o de educadores sobre esse tema e as mudan\u00e7as clim\u00e1ticas.<\/p>\n<p><strong>Carta da Terra<\/strong><\/p>\n<p>Escrita no ano 2000 por uma comiss\u00e3o internacional, a Carta da Terra \u00e9 uma declara\u00e7\u00e3o de princ\u00edpios fundamentais para a constru\u00e7\u00e3o, a partir do s\u00e9culo 21, de uma sociedade global mais sustent\u00e1vel.<\/p>\n<p>A proposta do festival \u00e9 justamente rediscutir as mudan\u00e7as necess\u00e1rias para que o mundo possa atingir esses objetivos, a partir dos quatro pilares fundamentais do documento: respeito e cuidado da comunidade e da vida; integridade ecol\u00f3gica; justi\u00e7a social e econ\u00f4mica; e democracia, n\u00e3o viol\u00eancia e paz.<\/p>\n<p><em>(Fonte: Catraca Livre\/Foto: Reprodu\u00e7\u00e3o)<\/em><\/p>\n","protected":false},"excerpt":{"rendered":"<p>O evento d\u00e1 in\u00edcio a uma s\u00e9rie de debates virtuais que ocorrem at\u00e9 o final de 2020<\/p>\n","protected":false},"author":13,"featured_media":59309,"comment_status":"closed","ping_status":"closed","sticky":false,"template":"","format":"standard","meta":{"footnotes":""},"categories":[2833,1],"tags":[7426],"class_list":["post-59307","post","type-post","status-publish","format-standard","has-post-thumbnail","hentry","category-cultura","category-noticias","tag-carta-da-terra"],"_links":{"self":[{"href":"https:\/\/tvtecjundiai.com.br\/news\/wp-json\/wp\/v2\/posts\/59307","targetHints":{"allow":["GET"]}}],"collection":[{"href":"https:\/\/tvtecjundiai.com.br\/news\/wp-json\/wp\/v2\/posts"}],"about":[{"href":"https:\/\/tvtecjundiai.com.br\/news\/wp-json\/wp\/v2\/types\/post"}],"author":[{"embeddable":true,"href":"https:\/\/tvtecjundiai.com.br\/news\/wp-json\/wp\/v2\/users\/13"}],"replies":[{"embeddable":true,"href":"https:\/\/tvtecjundiai.com.br\/news\/wp-json\/wp\/v2\/comments?post=59307"}],"version-history":[{"count":4,"href":"https:\/\/tvtecjundiai.com.br\/news\/wp-json\/wp\/v2\/posts\/59307\/revisions"}],"predecessor-version":[{"id":59314,"href":"https:\/\/tvtecjundiai.com.br\/news\/wp-json\/wp\/v2\/posts\/59307\/revisions\/59314"}],"wp:featuredmedia":[{"embeddable":true,"href":"https:\/\/tvtecjundiai.com.br\/news\/wp-json\/wp\/v2\/media\/59309"}],"wp:attachment":[{"href":"https:\/\/tvtecjundiai.com.br\/news\/wp-json\/wp\/v2\/media?parent=59307"}],"wp:term":[{"taxonomy":"category","embeddable":true,"href":"https:\/\/tvtecjundiai.com.br\/news\/wp-json\/wp\/v2\/categories?post=59307"},{"taxonomy":"post_tag","embeddable":true,"href":"https:\/\/tvtecjundiai.com.br\/news\/wp-json\/wp\/v2\/tags?post=59307"}],"curies":[{"name":"wp","href":"https:\/\/api.w.org\/{rel}","templated":true}]}}