{"id":59406,"date":"2020-06-28T15:43:40","date_gmt":"2020-06-28T18:43:40","guid":{"rendered":"https:\/\/tvtecjundiai.com.br\/news\/?p=59406"},"modified":"2020-06-28T15:45:07","modified_gmt":"2020-06-28T18:45:07","slug":"prefeitura-realiza-acoes-contra-pancadoes","status":"publish","type":"post","link":"https:\/\/tvtecjundiai.com.br\/news\/2020\/06\/28\/prefeitura-realiza-acoes-contra-pancadoes\/","title":{"rendered":"A\u00e7\u00f5es contra &#8220;pancad\u00f5es&#8221; s\u00e3o realizadas pela Prefeitura de Jundia\u00ed, GM e PM"},"content":{"rendered":"<header class=\"entry-header\">\n<div class=\"entry-meta\">\n<div class=\"comments\"><\/div>\n<\/div>\n<\/header>\n<div class=\"entry-content\">\n<p>Desencadeadas pelo Comit\u00ea de Enfrentamento ao Coronav\u00edrus (CEC), da Prefeitura de Jundia\u00ed,\u00a0 durante o final de semana (26 e 27) as guarni\u00e7\u00f5es da Guarda Municipal de Jundia\u00ed e da Pol\u00edcia Militar dos batalh\u00f5es 11\u00b0 e 49\u00b0, realizaram a\u00e7\u00f5es para evitar os \u2018pancad\u00f5es\u2019 nas ruas dos bairros Jardim Tarum\u00e3,\u00a0 Jardim Fepasa, Tamoio e Jardim Sorocabana.<\/p>\n<p>Segundo o subinspetor \u00a0da GM Cl\u00e1udio de Souza respons\u00e1vel pelas equipes da Guarda e o tenente PM Tuti que coordenou os policiais militares, a presen\u00e7a dos agentes inibiu os frequentadores do pancad\u00e3o \u00a0no Jardim S\u00e3o Camilo.<\/p>\n<p>\u201cN\u00f3s apreendemos em um bar na rua Idalina Gon\u00e7alves Dias, no Jardim S\u00e3o Camilo, quatro m\u00e1quinas ca\u00e7a-n\u00edqueis. Para evitar o cont\u00e1gio da COVID-19 e transtornos no que diz respeito \u00e0 perturba\u00e7\u00e3o de sossego, foram fechados cinco estabelecimentos comerciais\u201d, relata Souza.<\/p>\n<p>A pol\u00edcia t\u00e9cnica que realiza as per\u00edcias e investigadores da pol\u00edcia civil tamb\u00e9m compareceu no local.<\/p>\n<p>Pessoas que transitavam sem a m\u00e1scara de prote\u00e7\u00e3o e vulner\u00e1veis \u00e0 contamina\u00e7\u00e3o do COVID-19, foram orientadas pelos agentes.<\/p>\n<p>Moradores incomodados com os freq\u00fcentes \u201cpancad\u00f5es\u201d elogiaram a a\u00e7\u00e3o dos guardas e policiais.<\/p>\n<p>Foram acionados, para este final de semana, cerca de 30 guardas e 10 policiais militares nas a\u00e7\u00f5es espec\u00edficas.<\/p>\n<p>De acordo com o Comandante da GMJ, Benedito Marcos Moreno, a fiscaliza\u00e7\u00e3o contra as aglomera\u00e7\u00f5es permanece durante a semana, nas feiras livres, bairros com identifica\u00e7\u00e3o de grande n\u00famero de casos de COVID-19, al\u00e9m da regi\u00e3o Central.<\/p>\n<p>As medidas de isolamento e distanciamento, higiene das m\u00e3os, uso de m\u00e1scaras e etiqueta respirat\u00f3ria devem ser adoradas por todos. Quem identificar aglomera\u00e7\u00f5es pode fazer a den\u00fancia pelos canais de comunica\u00e7\u00e3o da Prefeitura de Jundia\u00ed,\u00a0 tanto pelo App Jundia\u00ed,\u00a0 quanto pelo Disque 156 Coronav\u00edrus ou diretamente pata os telefone a Guarda Municipal (153).<\/p>\n<p>&nbsp;<\/p>\n<p><em>(Fonte: Assessoria de Imprensa; Fotos: GMJ)<\/em><\/p>\n<\/div>\n","protected":false},"excerpt":{"rendered":"<p>Moradores incomodados com os freq\u00fcentes \u201cpancad\u00f5es\u201d elogiaram a a\u00e7\u00e3o dos guardas e policiais<\/p>\n","protected":false},"author":18,"featured_media":59407,"comment_status":"closed","ping_status":"closed","sticky":false,"template":"","format":"standard","meta":{"footnotes":""},"categories":[1,4739],"tags":[],"class_list":["post-59406","post","type-post","status-publish","format-standard","has-post-thumbnail","hentry","category-noticias","category-policia"],"_links":{"self":[{"href":"https:\/\/tvtecjundiai.com.br\/news\/wp-json\/wp\/v2\/posts\/59406","targetHints":{"allow":["GET"]}}],"collection":[{"href":"https:\/\/tvtecjundiai.com.br\/news\/wp-json\/wp\/v2\/posts"}],"about":[{"href":"https:\/\/tvtecjundiai.com.br\/news\/wp-json\/wp\/v2\/types\/post"}],"author":[{"embeddable":true,"href":"https:\/\/tvtecjundiai.com.br\/news\/wp-json\/wp\/v2\/users\/18"}],"replies":[{"embeddable":true,"href":"https:\/\/tvtecjundiai.com.br\/news\/wp-json\/wp\/v2\/comments?post=59406"}],"version-history":[{"count":3,"href":"https:\/\/tvtecjundiai.com.br\/news\/wp-json\/wp\/v2\/posts\/59406\/revisions"}],"predecessor-version":[{"id":59410,"href":"https:\/\/tvtecjundiai.com.br\/news\/wp-json\/wp\/v2\/posts\/59406\/revisions\/59410"}],"wp:featuredmedia":[{"embeddable":true,"href":"https:\/\/tvtecjundiai.com.br\/news\/wp-json\/wp\/v2\/media\/59407"}],"wp:attachment":[{"href":"https:\/\/tvtecjundiai.com.br\/news\/wp-json\/wp\/v2\/media?parent=59406"}],"wp:term":[{"taxonomy":"category","embeddable":true,"href":"https:\/\/tvtecjundiai.com.br\/news\/wp-json\/wp\/v2\/categories?post=59406"},{"taxonomy":"post_tag","embeddable":true,"href":"https:\/\/tvtecjundiai.com.br\/news\/wp-json\/wp\/v2\/tags?post=59406"}],"curies":[{"name":"wp","href":"https:\/\/api.w.org\/{rel}","templated":true}]}}