{"id":59418,"date":"2020-06-29T08:15:20","date_gmt":"2020-06-29T11:15:20","guid":{"rendered":"https:\/\/tvtecjundiai.com.br\/news\/?p=59418"},"modified":"2020-06-29T08:15:20","modified_gmt":"2020-06-29T11:15:20","slug":"brasil-tem-576-mil-mortes-e-mais-de-13-milhao-de-casos-de-covid-19","status":"publish","type":"post","link":"https:\/\/tvtecjundiai.com.br\/news\/2020\/06\/29\/brasil-tem-576-mil-mortes-e-mais-de-13-milhao-de-casos-de-covid-19\/","title":{"rendered":"Brasil tem 57,6 mil mortes e mais de 1,3 milh\u00e3o de casos de Covid-19"},"content":{"rendered":"<div class=\"mc-column content-text active-extra-styles active-capital-letter\" data-block-type=\"unstyled\" data-block-weight=\"33\" data-block-id=\"1\">\n<div id=\"attachment_59419\" style=\"width: 404px\" class=\"wp-caption alignleft\"><img loading=\"lazy\" decoding=\"async\" aria-describedby=\"caption-attachment-59419\" class=\"wp-image-59419 \" src=\"https:\/\/tvtecjundiai.com.br\/news\/wp-content\/uploads\/sites\/2\/2020\/06\/2020-05-19t125619z_1052911345_rc2org9mngt0_rtrmadp_3_health-coronavirus-rki-study-300x179.jpg\" alt=\"\" width=\"394\" height=\"235\" srcset=\"https:\/\/tvtecjundiai.com.br\/news\/wp-content\/uploads\/sites\/2\/2020\/06\/2020-05-19t125619z_1052911345_rc2org9mngt0_rtrmadp_3_health-coronavirus-rki-study-300x179.jpg 300w, https:\/\/tvtecjundiai.com.br\/news\/wp-content\/uploads\/sites\/2\/2020\/06\/2020-05-19t125619z_1052911345_rc2org9mngt0_rtrmadp_3_health-coronavirus-rki-study-768x459.jpg 768w, https:\/\/tvtecjundiai.com.br\/news\/wp-content\/uploads\/sites\/2\/2020\/06\/2020-05-19t125619z_1052911345_rc2org9mngt0_rtrmadp_3_health-coronavirus-rki-study.jpg 1170w\" sizes=\"auto, (max-width: 394px) 100vw, 394px\" \/><p id=\"caption-attachment-59419\" class=\"wp-caption-text\">O mundo atingiu o n\u00famero de\u00a010 milh\u00f5es de infectados ontem (28)<\/p><\/div>\n<p class=\"content-text__container theme-color-primary-first-letter\" data-track-category=\"Link no Texto\" data-track-links=\"\">O Brasil tem 57.659 mortes e 1.345.470 casos confirmados de Coronav\u00edrus confirmadas at\u00e9 as 8h desta segunda-feira (29), mostra um levantamento feito pelo cons\u00f3rcio de ve\u00edculos de imprensa\u00a0a partir de dados das secretarias estaduais de Sa\u00fade.<\/p>\n<\/div>\n<div class=\"wall protected-content\">\n<div class=\"mc-column content-text active-extra-styles \" data-block-type=\"unstyled\" data-block-weight=\"29\" data-block-id=\"2\">\n<p class=\"content-text__container \" data-track-category=\"Link no Texto\" data-track-links=\"\">O cons\u00f3rcio divulgou no domingo (28), \u00e0s 20h, o\u00a021\u00b0 balan\u00e7o, com os dados mais atualizados das secretarias estaduais naquele momento. Desde ent\u00e3o, GO e RR divulgaram novos dados.<\/p>\n<p data-track-category=\"Link no Texto\" data-track-links=\"\">De acordo com um monitoramento da universidade norte-americana Johns Hopkins, o mundo atingiu o n\u00famero de\u00a010 milh\u00f5es de infectados ontem (28) e passou a marca de 500 mil mortos.<\/p>\n<p data-track-category=\"Link no Texto\" data-track-links=\"\"><em>(Fonte: G1\/Foto: Reuters)<\/em><\/p>\n<\/div>\n<\/div>\n","protected":false},"excerpt":{"rendered":"<p>O mundo atingiu o n\u00famero de\u00a010 milh\u00f5es de infectados ontem (28)<\/p>\n","protected":false},"author":18,"featured_media":59419,"comment_status":"closed","ping_status":"closed","sticky":false,"template":"","format":"standard","meta":{"footnotes":""},"categories":[29,1,2839],"tags":[1903,6512,372,6511],"class_list":["post-59418","post","type-post","status-publish","format-standard","has-post-thumbnail","hentry","category-destaque","category-noticias","category-saude","tag-brasil","tag-covid-19","tag-mundo","tag-pandemia"],"_links":{"self":[{"href":"https:\/\/tvtecjundiai.com.br\/news\/wp-json\/wp\/v2\/posts\/59418","targetHints":{"allow":["GET"]}}],"collection":[{"href":"https:\/\/tvtecjundiai.com.br\/news\/wp-json\/wp\/v2\/posts"}],"about":[{"href":"https:\/\/tvtecjundiai.com.br\/news\/wp-json\/wp\/v2\/types\/post"}],"author":[{"embeddable":true,"href":"https:\/\/tvtecjundiai.com.br\/news\/wp-json\/wp\/v2\/users\/18"}],"replies":[{"embeddable":true,"href":"https:\/\/tvtecjundiai.com.br\/news\/wp-json\/wp\/v2\/comments?post=59418"}],"version-history":[{"count":2,"href":"https:\/\/tvtecjundiai.com.br\/news\/wp-json\/wp\/v2\/posts\/59418\/revisions"}],"predecessor-version":[{"id":59421,"href":"https:\/\/tvtecjundiai.com.br\/news\/wp-json\/wp\/v2\/posts\/59418\/revisions\/59421"}],"wp:featuredmedia":[{"embeddable":true,"href":"https:\/\/tvtecjundiai.com.br\/news\/wp-json\/wp\/v2\/media\/59419"}],"wp:attachment":[{"href":"https:\/\/tvtecjundiai.com.br\/news\/wp-json\/wp\/v2\/media?parent=59418"}],"wp:term":[{"taxonomy":"category","embeddable":true,"href":"https:\/\/tvtecjundiai.com.br\/news\/wp-json\/wp\/v2\/categories?post=59418"},{"taxonomy":"post_tag","embeddable":true,"href":"https:\/\/tvtecjundiai.com.br\/news\/wp-json\/wp\/v2\/tags?post=59418"}],"curies":[{"name":"wp","href":"https:\/\/api.w.org\/{rel}","templated":true}]}}