{"id":5942,"date":"2018-02-01T18:16:44","date_gmt":"2018-02-01T20:16:44","guid":{"rendered":"https:\/\/tvtecjundiai.com.br\/news\/?p=5942"},"modified":"2018-02-01T18:17:54","modified_gmt":"2018-02-01T20:17:54","slug":"jundiai-sedia-science-day-numa-parceria-com-a-nasa","status":"publish","type":"post","link":"https:\/\/tvtecjundiai.com.br\/news\/2018\/02\/01\/jundiai-sedia-science-day-numa-parceria-com-a-nasa\/","title":{"rendered":"Jundia\u00ed sedia Science Day, numa parceria com a NASA"},"content":{"rendered":"<p><strong><em>Ana Paula Klinke e Anderson M\u00fcller<\/em><\/strong><\/p>\n<p>Jundia\u00ed recebe, dia 8 de mar\u00e7o, o Science Day, evento produzido pela <em>National Aeronautics and Space Administration<\/em> \u2013 a NASA, trazido pela <strong>Unidade de Gest\u00e3o de Desenvolvimento Econ\u00f4mico, Ci\u00eancia e Tecnologia<\/strong> da Prefeitura do Munic\u00edpio. A cidade ser\u00e1 o 5\u00ba munic\u00edpio brasileiro a sediar o evento, nas depend\u00eancias do Parque Comendador Ant\u00f4nio Carbonari, o Parque da Uva, onde ser\u00e3o realizadas nesse dia, das 9 \u00e0s 17 horas, oficinas, palestras e exposi\u00e7\u00f5es sobre a 4\u00aa Revolu\u00e7\u00e3o Industrial, as mudan\u00e7as na forma do conhecimento e nos mundos cient\u00edfico e tecnol\u00f3gico, que transformar\u00e3o o ensino e a vida nas escolas.<\/p>\n<p><a href=\"https:\/\/tvtecjundiai.com.br\/news\/wp-content\/uploads\/sites\/2\/2018\/02\/science-day-e1517516175665.png\"><img loading=\"lazy\" decoding=\"async\" class=\"size-medium wp-image-5943 alignleft\" src=\"https:\/\/tvtecjundiai.com.br\/news\/wp-content\/uploads\/sites\/2\/2018\/02\/science-day-e1517516175665-300x188.png\" alt=\"\" width=\"300\" height=\"188\" srcset=\"https:\/\/tvtecjundiai.com.br\/news\/wp-content\/uploads\/sites\/2\/2018\/02\/science-day-e1517516175665-300x188.png 300w, https:\/\/tvtecjundiai.com.br\/news\/wp-content\/uploads\/sites\/2\/2018\/02\/science-day-e1517516175665.png 759w\" sizes=\"auto, (max-width: 300px) 100vw, 300px\" \/><\/a><\/p>\n<p>Entre as metas do evento est\u00e3o a divulga\u00e7\u00e3o das realiza\u00e7\u00f5es da NASA como est\u00edmulo para o p\u00fablico jovem, a partir de 7 anos e, tamb\u00e9m, o encontro e reconhecimento de novos talentos que poder\u00e3o, inclusive, ganhar bolsas de estudos na ag\u00eancia espacial.<\/p>\n<p>\u201c\u00c9 um evento de grande import\u00e2ncia por ser contempor\u00e2neo da 4\u00aa Revolu\u00e7\u00e3o Industrial, da robotiza\u00e7\u00e3o, da internet das coisas. Aproximar\u00e1 os estudantes de todos os n\u00edveis \u00e0 realidade da maior tecnologia espacial do mundo, a tecnologia desenvolvida pela NASA\u201d, comenta o gestor da \u00e1rea, professor Messias Mercadante. Segundo ele, ser\u00e3o mostrados prot\u00f3tipos de asteroides, de naves espaciais e com informa\u00e7\u00f5es de como se pode chegar at\u00e9 a NASA.<\/p>\n<p>Mercadante informa que o evento pretende alcan\u00e7ar pelo mais de quatro mil visitantes, a maioria de alunos de escolas p\u00fablicas e particulares, e obter 110 experimentos para ser analisados pela ag\u00eancia norte-americana. \u00a0A diretora da Unidade, Mariana Pfitzner acrescente que ser\u00e1 poss\u00edvel participar, ver os experimentos e interagir com os engenheiros da NASA e palestrantes.<\/p>\n<p>\u201cA escola que quiser participar pode fazer isso de diversos modos. Um deles \u00e9 expor experimentos, levar alunos e quanto mais melhor, mas para tanto precisa nos contatar antes, para a gente organizar isso. Queremos divulgar ao m\u00e1ximo a ci\u00eancia e a tecnologia na cidade\u201d, informa. Para ela, a cidade ganha visibilidade e as crian\u00e7as ganham um senso de internacionaliza\u00e7\u00e3o e, claro, a parceria com a NASA coloca Jundia\u00ed num patamar \u201cmuito interessante\u201d, como uma \u201cSerra do Sil\u00edcio brasileira\u201d.\u00a0<strong><em>(colaborou Pedro F\u00e1varo Jr.)<\/em><\/strong><\/p>\n<p>&nbsp;<\/p>\n","protected":false},"excerpt":{"rendered":"<p>O evento ser\u00e1 realizado no Parque da Uva, dia 8 de mar\u00e7o <\/p>\n","protected":false},"author":8,"featured_media":5943,"comment_status":"closed","ping_status":"closed","sticky":false,"template":"","format":"standard","meta":{"footnotes":""},"categories":[29,1],"tags":[2200,2201],"class_list":["post-5942","post","type-post","status-publish","format-standard","has-post-thumbnail","hentry","category-destaque","category-noticias","tag-nasa","tag-science-day"],"_links":{"self":[{"href":"https:\/\/tvtecjundiai.com.br\/news\/wp-json\/wp\/v2\/posts\/5942","targetHints":{"allow":["GET"]}}],"collection":[{"href":"https:\/\/tvtecjundiai.com.br\/news\/wp-json\/wp\/v2\/posts"}],"about":[{"href":"https:\/\/tvtecjundiai.com.br\/news\/wp-json\/wp\/v2\/types\/post"}],"author":[{"embeddable":true,"href":"https:\/\/tvtecjundiai.com.br\/news\/wp-json\/wp\/v2\/users\/8"}],"replies":[{"embeddable":true,"href":"https:\/\/tvtecjundiai.com.br\/news\/wp-json\/wp\/v2\/comments?post=5942"}],"version-history":[{"count":2,"href":"https:\/\/tvtecjundiai.com.br\/news\/wp-json\/wp\/v2\/posts\/5942\/revisions"}],"predecessor-version":[{"id":5945,"href":"https:\/\/tvtecjundiai.com.br\/news\/wp-json\/wp\/v2\/posts\/5942\/revisions\/5945"}],"wp:featuredmedia":[{"embeddable":true,"href":"https:\/\/tvtecjundiai.com.br\/news\/wp-json\/wp\/v2\/media\/5943"}],"wp:attachment":[{"href":"https:\/\/tvtecjundiai.com.br\/news\/wp-json\/wp\/v2\/media?parent=5942"}],"wp:term":[{"taxonomy":"category","embeddable":true,"href":"https:\/\/tvtecjundiai.com.br\/news\/wp-json\/wp\/v2\/categories?post=5942"},{"taxonomy":"post_tag","embeddable":true,"href":"https:\/\/tvtecjundiai.com.br\/news\/wp-json\/wp\/v2\/tags?post=5942"}],"curies":[{"name":"wp","href":"https:\/\/api.w.org\/{rel}","templated":true}]}}