{"id":59543,"date":"2020-06-29T15:35:21","date_gmt":"2020-06-29T18:35:21","guid":{"rendered":"https:\/\/tvtecjundiai.com.br\/news\/?p=59543"},"modified":"2020-06-29T16:35:36","modified_gmt":"2020-06-29T19:35:36","slug":"ue-se-encaminha-para-manter-veto-a-viajantes-do-brasil","status":"publish","type":"post","link":"https:\/\/tvtecjundiai.com.br\/news\/2020\/06\/29\/ue-se-encaminha-para-manter-veto-a-viajantes-do-brasil\/","title":{"rendered":"Uni\u00e3o Europeia deve manter veto a viajantes do Brasil"},"content":{"rendered":"<div id=\"attachment_59546\" style=\"width: 441px\" class=\"wp-caption alignright\"><img loading=\"lazy\" decoding=\"async\" aria-describedby=\"caption-attachment-59546\" class=\"wp-image-59546\" src=\"https:\/\/tvtecjundiai.com.br\/news\/wp-content\/uploads\/sites\/2\/2020\/06\/aeroportossalva-300x169.jpg\" alt=\"\" width=\"431\" height=\"243\" srcset=\"https:\/\/tvtecjundiai.com.br\/news\/wp-content\/uploads\/sites\/2\/2020\/06\/aeroportossalva-300x169.jpg 300w, https:\/\/tvtecjundiai.com.br\/news\/wp-content\/uploads\/sites\/2\/2020\/06\/aeroportossalva-768x432.jpg 768w, https:\/\/tvtecjundiai.com.br\/news\/wp-content\/uploads\/sites\/2\/2020\/06\/aeroportossalva-1200x675.jpg 1200w, https:\/\/tvtecjundiai.com.br\/news\/wp-content\/uploads\/sites\/2\/2020\/06\/aeroportossalva.jpg 1280w\" sizes=\"auto, (max-width: 431px) 100vw, 431px\" \/><p id=\"caption-attachment-59546\" class=\"wp-caption-text\">Estados-membros ainda negociam a lista final de cerca de 15 pa\u00edses<\/p><\/div>\n<p>Faltando menos de dois dias para o in\u00edcio da reabertura gradual das fronteiras externas da Uni\u00e3o Europeia, os Estados-membros ainda negociam a lista final de cerca de 15 pa\u00edses cujos cidad\u00e3os poder\u00e3o entrar no bloco a partir de 1\u00ba de julho.<\/p>\n<p>A rela\u00e7\u00e3o incluiria na\u00e7\u00f5es como Austr\u00e1lia, Canad\u00e1, Marrocos, Nova Zel\u00e2ndia e China, marco zero da pandemia. Por outro lado, viajantes de Estados Unidos, Brasil e R\u00fassia, os tr\u00eas pa\u00edses com mais casos do novo coronav\u00edrus, devem continuar proibidos de entrar na Uni\u00e3o Europeia.<\/p>\n<p>Os crit\u00e9rios ainda n\u00e3o foram divulgados, mas informa\u00e7\u00f5es de bastidores d\u00e3o conta de que a UE reabrir\u00e1 as fronteiras para pa\u00edses que mantenham por pelo menos duas semanas uma taxa de novos casos por 100 mil habitantes igual ou inferior \u00e0 do bloco.<\/p>\n<p>Al\u00e9m disso, Bruxelas deve levar em conta a evolu\u00e7\u00e3o da curva epid\u00eamica e a reciprocidade. Segundo uma fonte diplom\u00e1tica europeia, o texto j\u00e1 foi aprovado em n\u00edvel de embaixadores e agora est\u00e1 sob an\u00e1lise dos governos dos Estados-membros.<\/p>\n<p><em>(Fonte\/Foto: R7)<\/em><\/p>\n","protected":false},"excerpt":{"rendered":"<p>Estados-membros ainda negociam a lista final de cerca de 15 pa\u00edses <\/p>\n","protected":false},"author":18,"featured_media":59546,"comment_status":"closed","ping_status":"closed","sticky":false,"template":"","format":"standard","meta":{"footnotes":""},"categories":[3060,1],"tags":[1903,2698,1121,7444,7445],"class_list":["post-59543","post","type-post","status-publish","format-standard","has-post-thumbnail","hentry","category-geral","category-noticias","tag-brasil","tag-estados-unidos","tag-russia","tag-uniao-europeia","tag-viajantes"],"_links":{"self":[{"href":"https:\/\/tvtecjundiai.com.br\/news\/wp-json\/wp\/v2\/posts\/59543","targetHints":{"allow":["GET"]}}],"collection":[{"href":"https:\/\/tvtecjundiai.com.br\/news\/wp-json\/wp\/v2\/posts"}],"about":[{"href":"https:\/\/tvtecjundiai.com.br\/news\/wp-json\/wp\/v2\/types\/post"}],"author":[{"embeddable":true,"href":"https:\/\/tvtecjundiai.com.br\/news\/wp-json\/wp\/v2\/users\/18"}],"replies":[{"embeddable":true,"href":"https:\/\/tvtecjundiai.com.br\/news\/wp-json\/wp\/v2\/comments?post=59543"}],"version-history":[{"count":4,"href":"https:\/\/tvtecjundiai.com.br\/news\/wp-json\/wp\/v2\/posts\/59543\/revisions"}],"predecessor-version":[{"id":59579,"href":"https:\/\/tvtecjundiai.com.br\/news\/wp-json\/wp\/v2\/posts\/59543\/revisions\/59579"}],"wp:featuredmedia":[{"embeddable":true,"href":"https:\/\/tvtecjundiai.com.br\/news\/wp-json\/wp\/v2\/media\/59546"}],"wp:attachment":[{"href":"https:\/\/tvtecjundiai.com.br\/news\/wp-json\/wp\/v2\/media?parent=59543"}],"wp:term":[{"taxonomy":"category","embeddable":true,"href":"https:\/\/tvtecjundiai.com.br\/news\/wp-json\/wp\/v2\/categories?post=59543"},{"taxonomy":"post_tag","embeddable":true,"href":"https:\/\/tvtecjundiai.com.br\/news\/wp-json\/wp\/v2\/tags?post=59543"}],"curies":[{"name":"wp","href":"https:\/\/api.w.org\/{rel}","templated":true}]}}