{"id":59605,"date":"2020-06-30T08:38:02","date_gmt":"2020-06-30T11:38:02","guid":{"rendered":"https:\/\/tvtecjundiai.com.br\/news\/?p=59605"},"modified":"2020-06-30T11:04:45","modified_gmt":"2020-06-30T14:04:45","slug":"jundiai-recebe-2o-festival-vegano-do-bem","status":"publish","type":"post","link":"https:\/\/tvtecjundiai.com.br\/news\/2020\/06\/30\/jundiai-recebe-2o-festival-vegano-do-bem\/","title":{"rendered":"Jundia\u00ed recebe 2\u00ba Festival Vegano do Bem"},"content":{"rendered":"<div id=\"attachment_59612\" style=\"width: 358px\" class=\"wp-caption alignright\"><a href=\"https:\/\/tvtecjundiai.com.br\/news\/wp-content\/uploads\/sites\/2\/2020\/06\/Big-Vegan-Bowl-1.png\"><img loading=\"lazy\" decoding=\"async\" aria-describedby=\"caption-attachment-59612\" class=\"wp-image-59612\" src=\"https:\/\/tvtecjundiai.com.br\/news\/wp-content\/uploads\/sites\/2\/2020\/06\/Big-Vegan-Bowl-1-300x227.png\" alt=\"\" width=\"348\" height=\"263\" srcset=\"https:\/\/tvtecjundiai.com.br\/news\/wp-content\/uploads\/sites\/2\/2020\/06\/Big-Vegan-Bowl-1-300x227.png 300w, https:\/\/tvtecjundiai.com.br\/news\/wp-content\/uploads\/sites\/2\/2020\/06\/Big-Vegan-Bowl-1.png 710w\" sizes=\"auto, (max-width: 348px) 100vw, 348px\" \/><\/a><p id=\"caption-attachment-59612\" class=\"wp-caption-text\">Evento acontece de 2 a 5 de julho, via link de grupo no WhatsApp<\/p><\/div>\n<p>Jundia\u00ed recebe o 2\u00ba Festival Vegano do Bem de 2 a 5 de julho, das 9h \u00e0s 21h30 &#8211; um evento online que reunir\u00e1 24 expositores veganos de diversos setores, em um grupo no WhatsApp.<\/p>\n<p>Moda, decora\u00e7\u00e3o, saboaria artesanal, maxi crochet, bolsas t\u00e9rmicas, mandalas, lettering e alimentos veganos s\u00e3o algumas das op\u00e7\u00f5es de compra. &#8220;Entendemos que esse momento t\u00e3o delicado pedia uma reinven\u00e7\u00e3o e resolvemos nos ajudar&#8221;, ressaltam as organizadoras, Roberta Nascimento e Ant\u00f4nia Souza.<\/p>\n<p>Interessados em outras informa\u00e7\u00f5es devem acessar o <a href=\"https:\/\/www.facebook.com\/events\/975209796268147\/\">Facebook<\/a> e <a href=\"https:\/\/www.instagram.com\/festivalveganodobem\/\">Instagram<\/a> do Festival Vegano do Bem.<\/p>\n<div><strong>Servi\u00e7o:<\/strong><\/div>\n<div>2\u00ba Festival Vegano do Bem<br \/>\nData: 2 a 5\/7<br \/>\nHor\u00e1rio: 9h \u00e0s 21h30<br \/>\nLink via WhatsApp (<a href=\"https:\/\/bit.ly\/FESTIVAL_VEGANO_ll\">clique aqui para acessar<\/a>)<\/div>\n<div><\/div>\n<div><em>(Fonte\/Foto: Divulga\u00e7\u00e3o)<\/em><\/div>\n<div><\/div>\n","protected":false},"excerpt":{"rendered":"<p>Evento online acontece de 2 a 5 de julho, via link de grupo no WhatsApp <\/p>\n","protected":false},"author":13,"featured_media":59612,"comment_status":"closed","ping_status":"closed","sticky":false,"template":"","format":"standard","meta":{"footnotes":""},"categories":[2834,1],"tags":[7446,5,6608,525],"class_list":["post-59605","post","type-post","status-publish","format-standard","has-post-thumbnail","hentry","category-cidades","category-noticias","tag-festival-vegano-do-bem","tag-jundiai","tag-online","tag-whatsapp"],"_links":{"self":[{"href":"https:\/\/tvtecjundiai.com.br\/news\/wp-json\/wp\/v2\/posts\/59605","targetHints":{"allow":["GET"]}}],"collection":[{"href":"https:\/\/tvtecjundiai.com.br\/news\/wp-json\/wp\/v2\/posts"}],"about":[{"href":"https:\/\/tvtecjundiai.com.br\/news\/wp-json\/wp\/v2\/types\/post"}],"author":[{"embeddable":true,"href":"https:\/\/tvtecjundiai.com.br\/news\/wp-json\/wp\/v2\/users\/13"}],"replies":[{"embeddable":true,"href":"https:\/\/tvtecjundiai.com.br\/news\/wp-json\/wp\/v2\/comments?post=59605"}],"version-history":[{"count":7,"href":"https:\/\/tvtecjundiai.com.br\/news\/wp-json\/wp\/v2\/posts\/59605\/revisions"}],"predecessor-version":[{"id":59654,"href":"https:\/\/tvtecjundiai.com.br\/news\/wp-json\/wp\/v2\/posts\/59605\/revisions\/59654"}],"wp:featuredmedia":[{"embeddable":true,"href":"https:\/\/tvtecjundiai.com.br\/news\/wp-json\/wp\/v2\/media\/59612"}],"wp:attachment":[{"href":"https:\/\/tvtecjundiai.com.br\/news\/wp-json\/wp\/v2\/media?parent=59605"}],"wp:term":[{"taxonomy":"category","embeddable":true,"href":"https:\/\/tvtecjundiai.com.br\/news\/wp-json\/wp\/v2\/categories?post=59605"},{"taxonomy":"post_tag","embeddable":true,"href":"https:\/\/tvtecjundiai.com.br\/news\/wp-json\/wp\/v2\/tags?post=59605"}],"curies":[{"name":"wp","href":"https:\/\/api.w.org\/{rel}","templated":true}]}}