{"id":59606,"date":"2020-06-30T08:30:54","date_gmt":"2020-06-30T11:30:54","guid":{"rendered":"https:\/\/tvtecjundiai.com.br\/news\/?p=59606"},"modified":"2020-06-30T11:06:50","modified_gmt":"2020-06-30T14:06:50","slug":"brasil-tem-584-mil-mortes-e-mais-de-13-milhao-de-casos-de-coronavirus","status":"publish","type":"post","link":"https:\/\/tvtecjundiai.com.br\/news\/2020\/06\/30\/brasil-tem-584-mil-mortes-e-mais-de-13-milhao-de-casos-de-coronavirus\/","title":{"rendered":"Brasil tem 58,4 mil mortes e mais de 1,3 milh\u00e3o de casos de Coronav\u00edrus"},"content":{"rendered":"<div id=\"attachment_59607\" style=\"width: 404px\" class=\"wp-caption alignleft\"><img loading=\"lazy\" decoding=\"async\" aria-describedby=\"caption-attachment-59607\" class=\"wp-image-59607 \" src=\"https:\/\/tvtecjundiai.com.br\/news\/wp-content\/uploads\/sites\/2\/2020\/06\/26.05.2020_pandemia_coronavirus_covid-19_vacina2505200375-300x179.jpg\" alt=\"\" width=\"394\" height=\"235\" srcset=\"https:\/\/tvtecjundiai.com.br\/news\/wp-content\/uploads\/sites\/2\/2020\/06\/26.05.2020_pandemia_coronavirus_covid-19_vacina2505200375-300x179.jpg 300w, https:\/\/tvtecjundiai.com.br\/news\/wp-content\/uploads\/sites\/2\/2020\/06\/26.05.2020_pandemia_coronavirus_covid-19_vacina2505200375-768x459.jpg 768w, https:\/\/tvtecjundiai.com.br\/news\/wp-content\/uploads\/sites\/2\/2020\/06\/26.05.2020_pandemia_coronavirus_covid-19_vacina2505200375.jpg 1170w\" sizes=\"auto, (max-width: 394px) 100vw, 394px\" \/><p id=\"caption-attachment-59607\" class=\"wp-caption-text\">Pa\u00eds responde por 11% das v\u00edtimas em todo o mundo<\/p><\/div>\n<p>O Brasil tem 58.406 mortes e 1.373.006 casos de Coronav\u00edrus confirmados at\u00e9 as 8h desta ter\u00e7a-feira (30), aponta um levantamento feito pelo cons\u00f3rcio de ve\u00edculos de imprensa a partir de dados das secretarias estaduais de Sa\u00fade.<\/p>\n<p>O cons\u00f3rcio divulgou ontem (29), \u00e0s 20h, o 22\u00ba balan\u00e7o, com os dados mais atualizados das secretarias estaduais naquele momento. Desde ent\u00e3o, CE, GO, RN e RR divulgaram novos dados.<\/p>\n<p>De acordo com um monitoramento da universidade norte-americana Johns Hopkins, o mundo j\u00e1 tem mais de\u00a010 milh\u00f5es de infectados\u00a0e\u00a0500 mil mortos. O Brasil responde por 11% das mortes totais no planeta.<\/p>\n<p><em>(Fonte: G1\/Foto: Reuters)<\/em><\/p>\n","protected":false},"excerpt":{"rendered":"<p>Pa\u00eds responde por 11% das v\u00edtimas fatais em todo o mundo<\/p>\n","protected":false},"author":18,"featured_media":59607,"comment_status":"closed","ping_status":"closed","sticky":false,"template":"","format":"standard","meta":{"footnotes":""},"categories":[29,1,2839],"tags":[1903,6512,6511],"class_list":["post-59606","post","type-post","status-publish","format-standard","has-post-thumbnail","hentry","category-destaque","category-noticias","category-saude","tag-brasil","tag-covid-19","tag-pandemia"],"_links":{"self":[{"href":"https:\/\/tvtecjundiai.com.br\/news\/wp-json\/wp\/v2\/posts\/59606","targetHints":{"allow":["GET"]}}],"collection":[{"href":"https:\/\/tvtecjundiai.com.br\/news\/wp-json\/wp\/v2\/posts"}],"about":[{"href":"https:\/\/tvtecjundiai.com.br\/news\/wp-json\/wp\/v2\/types\/post"}],"author":[{"embeddable":true,"href":"https:\/\/tvtecjundiai.com.br\/news\/wp-json\/wp\/v2\/users\/18"}],"replies":[{"embeddable":true,"href":"https:\/\/tvtecjundiai.com.br\/news\/wp-json\/wp\/v2\/comments?post=59606"}],"version-history":[{"count":3,"href":"https:\/\/tvtecjundiai.com.br\/news\/wp-json\/wp\/v2\/posts\/59606\/revisions"}],"predecessor-version":[{"id":59657,"href":"https:\/\/tvtecjundiai.com.br\/news\/wp-json\/wp\/v2\/posts\/59606\/revisions\/59657"}],"wp:featuredmedia":[{"embeddable":true,"href":"https:\/\/tvtecjundiai.com.br\/news\/wp-json\/wp\/v2\/media\/59607"}],"wp:attachment":[{"href":"https:\/\/tvtecjundiai.com.br\/news\/wp-json\/wp\/v2\/media?parent=59606"}],"wp:term":[{"taxonomy":"category","embeddable":true,"href":"https:\/\/tvtecjundiai.com.br\/news\/wp-json\/wp\/v2\/categories?post=59606"},{"taxonomy":"post_tag","embeddable":true,"href":"https:\/\/tvtecjundiai.com.br\/news\/wp-json\/wp\/v2\/tags?post=59606"}],"curies":[{"name":"wp","href":"https:\/\/api.w.org\/{rel}","templated":true}]}}