{"id":59703,"date":"2020-06-30T16:11:44","date_gmt":"2020-06-30T19:11:44","guid":{"rendered":"https:\/\/tvtecjundiai.com.br\/news\/?p=59703"},"modified":"2020-06-30T16:12:02","modified_gmt":"2020-06-30T19:12:02","slug":"ans-torna-obrigatoria-cobertura-de-teste-de-covid-19-por-planos-de-saude","status":"publish","type":"post","link":"https:\/\/tvtecjundiai.com.br\/news\/2020\/06\/30\/ans-torna-obrigatoria-cobertura-de-teste-de-covid-19-por-planos-de-saude\/","title":{"rendered":"ANS torna obrigat\u00f3ria cobertura de teste de Covid-19 por planos de sa\u00fade"},"content":{"rendered":"<div id=\"attachment_59704\" style=\"width: 485px\" class=\"wp-caption alignright\"><a href=\"https:\/\/tvtecjundiai.com.br\/news\/wp-content\/uploads\/sites\/2\/2020\/06\/teste-corornavirus.jpg\"><img loading=\"lazy\" decoding=\"async\" aria-describedby=\"caption-attachment-59704\" class=\"wp-image-59704 \" src=\"https:\/\/tvtecjundiai.com.br\/news\/wp-content\/uploads\/sites\/2\/2020\/06\/teste-corornavirus-300x159.jpg\" alt=\"\" width=\"475\" height=\"252\" srcset=\"https:\/\/tvtecjundiai.com.br\/news\/wp-content\/uploads\/sites\/2\/2020\/06\/teste-corornavirus-300x159.jpg 300w, https:\/\/tvtecjundiai.com.br\/news\/wp-content\/uploads\/sites\/2\/2020\/06\/teste-corornavirus.jpg 640w\" sizes=\"auto, (max-width: 475px) 100vw, 475px\" \/><\/a><p id=\"caption-attachment-59704\" class=\"wp-caption-text\">Tr\u00eas exames de anticorpos est\u00e3o inclu\u00eddos para pacientes que tenha apresentado sintomas espec\u00edficos<\/p><\/div>\n<p>A Ag\u00eancia Nacional de Sa\u00fade Suplementar (ANS) decidiu incluir, no rol de procedimentos obrigat\u00f3rios a serem atendidos por\u00a0planos de sa\u00fade, os testes para confirma\u00e7\u00e3o de infec\u00e7\u00e3o pelo novo coronav\u00edrus, causada pela Covid-19. A Resolu\u00e7\u00e3o Normativa 458 de 2020 que inclui os exames laboratoriais foi publicada hoje (29) no \u201cDi\u00e1rio Oficial\u201d da Uni\u00e3o.<\/p>\n<p>As pesquisas de anticorpos IgA, IgC ou IgM ser\u00e3o obrigat\u00f3rias para os planos de sa\u00fade nas segmenta\u00e7\u00f5es ambulatorial, hospitalar (com ou sem obstetr\u00edcia) e refer\u00eancia, nos casos em que o paciente apresente ou tenha apresentado alguns quadros cl\u00ednicos, como gripe com quadro respirat\u00f3rio agudo (com febre, tosse, dor de garanta, coriza ou dificuldade respirat\u00f3ria) e s\u00edndrome respirat\u00f3ria aguda grave (dificuldade para respirar, press\u00e3o persistente no t\u00f3rax, satura\u00e7\u00e3o de oxig\u00eanio menor que 95% em ar ambiente ou colora\u00e7\u00e3o azulada nos l\u00e1bios e rosto).<\/p>\n<p>A decis\u00e3o foi tomada em reuni\u00e3o colegiada da ANS na semana passada, em cumprimento a uma decis\u00e3o judicial, e entra em vigor a partir desta segunda (29).<\/p>\n<p><em>(Fonte: Veja S\u00e3o Paulo\/Foto: Reprodu\u00e7\u00e3o)<\/em><\/p>\n","protected":false},"excerpt":{"rendered":"<p>Tr\u00eas exames est\u00e3o inclu\u00eddos para pacientes que tenha apresentado sintomas espec\u00edficos<\/p>\n","protected":false},"author":13,"featured_media":59704,"comment_status":"closed","ping_status":"closed","sticky":false,"template":"","format":"standard","meta":{"footnotes":""},"categories":[1,2839],"tags":[6242,6847,2627],"class_list":["post-59703","post","type-post","status-publish","format-standard","has-post-thumbnail","hentry","category-noticias","category-saude","tag-coronavirus","tag-planos-de-saude","tag-testes"],"_links":{"self":[{"href":"https:\/\/tvtecjundiai.com.br\/news\/wp-json\/wp\/v2\/posts\/59703","targetHints":{"allow":["GET"]}}],"collection":[{"href":"https:\/\/tvtecjundiai.com.br\/news\/wp-json\/wp\/v2\/posts"}],"about":[{"href":"https:\/\/tvtecjundiai.com.br\/news\/wp-json\/wp\/v2\/types\/post"}],"author":[{"embeddable":true,"href":"https:\/\/tvtecjundiai.com.br\/news\/wp-json\/wp\/v2\/users\/13"}],"replies":[{"embeddable":true,"href":"https:\/\/tvtecjundiai.com.br\/news\/wp-json\/wp\/v2\/comments?post=59703"}],"version-history":[{"count":2,"href":"https:\/\/tvtecjundiai.com.br\/news\/wp-json\/wp\/v2\/posts\/59703\/revisions"}],"predecessor-version":[{"id":59706,"href":"https:\/\/tvtecjundiai.com.br\/news\/wp-json\/wp\/v2\/posts\/59703\/revisions\/59706"}],"wp:featuredmedia":[{"embeddable":true,"href":"https:\/\/tvtecjundiai.com.br\/news\/wp-json\/wp\/v2\/media\/59704"}],"wp:attachment":[{"href":"https:\/\/tvtecjundiai.com.br\/news\/wp-json\/wp\/v2\/media?parent=59703"}],"wp:term":[{"taxonomy":"category","embeddable":true,"href":"https:\/\/tvtecjundiai.com.br\/news\/wp-json\/wp\/v2\/categories?post=59703"},{"taxonomy":"post_tag","embeddable":true,"href":"https:\/\/tvtecjundiai.com.br\/news\/wp-json\/wp\/v2\/tags?post=59703"}],"curies":[{"name":"wp","href":"https:\/\/api.w.org\/{rel}","templated":true}]}}