{"id":59893,"date":"2020-07-02T10:58:03","date_gmt":"2020-07-02T13:58:03","guid":{"rendered":"https:\/\/tvtecjundiai.com.br\/news\/?p=59893"},"modified":"2020-07-02T11:02:21","modified_gmt":"2020-07-02T14:02:21","slug":"hospital-universitario-alerta-para-a-importancia-da-vacina-contra-o-sarampo","status":"publish","type":"post","link":"https:\/\/tvtecjundiai.com.br\/news\/2020\/07\/02\/hospital-universitario-alerta-para-a-importancia-da-vacina-contra-o-sarampo\/","title":{"rendered":"HU alerta para a import\u00e2ncia da vacina contra o sarampo"},"content":{"rendered":"<div id=\"attachment_59894\" style=\"width: 350px\" class=\"wp-caption alignright\"><a href=\"https:\/\/tvtecjundiai.com.br\/news\/wp-content\/uploads\/sites\/2\/2020\/07\/image009.jpg\"><img loading=\"lazy\" decoding=\"async\" aria-describedby=\"caption-attachment-59894\" class=\"wp-image-59894\" src=\"https:\/\/tvtecjundiai.com.br\/news\/wp-content\/uploads\/sites\/2\/2020\/07\/image009-e1593698184443-300x363.jpg\" alt=\"\" width=\"340\" height=\"412\" srcset=\"https:\/\/tvtecjundiai.com.br\/news\/wp-content\/uploads\/sites\/2\/2020\/07\/image009-e1593698184443-300x363.jpg 300w, https:\/\/tvtecjundiai.com.br\/news\/wp-content\/uploads\/sites\/2\/2020\/07\/image009-e1593698184443.jpg 401w\" sizes=\"auto, (max-width: 340px) 100vw, 340px\" \/><\/a><p id=\"caption-attachment-59894\" class=\"wp-caption-text\">O pediatra Cristiano Guedes alerta que a interrup\u00e7\u00e3o da vacina de rotina, eleva o risco de registro de casos dessas doen\u00e7as\u00a0imunopreven\u00edveis.<\/p><\/div>\n<p>Entre as doen\u00e7as comuns ao per\u00edodo, est\u00e1 o sarampo e apesar da pandemia do Coronav\u00edrus, as doses de imuniza\u00e7\u00e3o necess\u00e1rias de acordo com o calend\u00e1rio do Minist\u00e9rio da Sa\u00fade devem ser mantidas. Em Jundia\u00ed, a oferta \u00e9 feita em todas as Unidades B\u00e1sicas de Sa\u00fade que n\u00e3o estejam atendendo pacientes com suspeitas de Covid-19.<\/p>\n<p>Segundo o pediatra do Hospital Universit\u00e1rio, Cristiano Guedes, interromper a vacina de rotina, especialmente em menores de cinco anos, gestantes e outros grupos de risco eleva o risco de registro de casos dessas doen\u00e7as\u00a0imunopreven\u00edveis.<\/p>\n<p style=\"font-weight: 400;\">Na institui\u00e7\u00e3o, nenhuma notifica\u00e7\u00e3o foi registrada de sarampo nesse ano. A doen\u00e7a pode ser transmitida pela tosse ou espirro, por exemplo, e os principais sintomas s\u00e3o febre, irrita\u00e7\u00e3o nos olhos e manchas vermelhas pelo corpo.<\/p>\n<p style=\"font-weight: 400;\">Desde agosto de 2019, crian\u00e7as de seis a onze meses devem tomar a dose zero da vacina tr\u00edplice viral, que protege contra sarampo, caxumba e rub\u00e9ola. Entre quatro e cinco anos, \u00e9 necess\u00e1rio um refor\u00e7o da dose. Adultos que n\u00e3o sabem se foram vacinados contra o sarampo na inf\u00e2ncia podem procurar um posto de sa\u00fade e receber a dose.<\/p>\n<p style=\"font-weight: 400;\">De acordo com dados do Minist\u00e9rio da Sa\u00fade, a meta de imuniza\u00e7\u00e3o \u00e9 de 95% dos p\u00fablicos determinados.<\/p>\n<p><em>(Fonte\/Foto: Assessoria de Imprensa)<\/em><\/p>\n","protected":false},"excerpt":{"rendered":"<p>Em Jundia\u00ed, a oferta \u00e9 feita nas UBSs que n\u00e3o atendem pacientes com suspeita de Covid-19 <\/p>\n","protected":false},"author":13,"featured_media":59895,"comment_status":"closed","ping_status":"closed","sticky":false,"template":"","format":"standard","meta":{"footnotes":""},"categories":[2834,1],"tags":[754,5,2478,47],"class_list":["post-59893","post","type-post","status-publish","format-standard","has-post-thumbnail","hentry","category-cidades","category-noticias","tag-hu","tag-jundiai","tag-sarampo","tag-vacinacao"],"_links":{"self":[{"href":"https:\/\/tvtecjundiai.com.br\/news\/wp-json\/wp\/v2\/posts\/59893","targetHints":{"allow":["GET"]}}],"collection":[{"href":"https:\/\/tvtecjundiai.com.br\/news\/wp-json\/wp\/v2\/posts"}],"about":[{"href":"https:\/\/tvtecjundiai.com.br\/news\/wp-json\/wp\/v2\/types\/post"}],"author":[{"embeddable":true,"href":"https:\/\/tvtecjundiai.com.br\/news\/wp-json\/wp\/v2\/users\/13"}],"replies":[{"embeddable":true,"href":"https:\/\/tvtecjundiai.com.br\/news\/wp-json\/wp\/v2\/comments?post=59893"}],"version-history":[{"count":3,"href":"https:\/\/tvtecjundiai.com.br\/news\/wp-json\/wp\/v2\/posts\/59893\/revisions"}],"predecessor-version":[{"id":59913,"href":"https:\/\/tvtecjundiai.com.br\/news\/wp-json\/wp\/v2\/posts\/59893\/revisions\/59913"}],"wp:featuredmedia":[{"embeddable":true,"href":"https:\/\/tvtecjundiai.com.br\/news\/wp-json\/wp\/v2\/media\/59895"}],"wp:attachment":[{"href":"https:\/\/tvtecjundiai.com.br\/news\/wp-json\/wp\/v2\/media?parent=59893"}],"wp:term":[{"taxonomy":"category","embeddable":true,"href":"https:\/\/tvtecjundiai.com.br\/news\/wp-json\/wp\/v2\/categories?post=59893"},{"taxonomy":"post_tag","embeddable":true,"href":"https:\/\/tvtecjundiai.com.br\/news\/wp-json\/wp\/v2\/tags?post=59893"}],"curies":[{"name":"wp","href":"https:\/\/api.w.org\/{rel}","templated":true}]}}