{"id":59942,"date":"2020-07-02T12:18:30","date_gmt":"2020-07-02T15:18:30","guid":{"rendered":"https:\/\/tvtecjundiai.com.br\/news\/?p=59942"},"modified":"2020-07-02T14:28:57","modified_gmt":"2020-07-02T17:28:57","slug":"video-da-nasa-mostra-uma-decada-do-sol-em-menos-de-2-minutos","status":"publish","type":"post","link":"https:\/\/tvtecjundiai.com.br\/news\/2020\/07\/02\/video-da-nasa-mostra-uma-decada-do-sol-em-menos-de-2-minutos\/","title":{"rendered":"V\u00eddeo da Nasa mostra uma d\u00e9cada do Sol em menos de 2 minutos"},"content":{"rendered":"<div id=\"attachment_59945\" style=\"width: 414px\" class=\"wp-caption alignright\"><img loading=\"lazy\" decoding=\"async\" aria-describedby=\"caption-attachment-59945\" class=\"wp-image-59945\" src=\"https:\/\/tvtecjundiai.com.br\/news\/wp-content\/uploads\/sites\/2\/2020\/07\/113177185-p08jj8p1-300x169.jpg\" alt=\"\" width=\"404\" height=\"227\" srcset=\"https:\/\/tvtecjundiai.com.br\/news\/wp-content\/uploads\/sites\/2\/2020\/07\/113177185-p08jj8p1-300x169.jpg 300w, https:\/\/tvtecjundiai.com.br\/news\/wp-content\/uploads\/sites\/2\/2020\/07\/113177185-p08jj8p1-768x432.jpg 768w, https:\/\/tvtecjundiai.com.br\/news\/wp-content\/uploads\/sites\/2\/2020\/07\/113177185-p08jj8p1.jpg 984w\" sizes=\"auto, (max-width: 404px) 100vw, 404px\" \/><p id=\"caption-attachment-59945\" class=\"wp-caption-text\">Imagens registradas pela ag\u00eancia espacial americana mostram erup\u00e7\u00f5es solares<\/p><\/div>\n<div class=\"mc-column content-text active-extra-styles \" data-block-type=\"unstyled\" data-block-weight=\"35\" data-block-id=\"2\">\n<p class=\"content-text__container \" data-track-category=\"Link no Texto\" data-track-links=\"\">Por mais de uma d\u00e9cada, a equipe do Observat\u00f3rio de Din\u00e2mica Solar na\u00a0Nasa\u00a0capturou impressionantes 425 milh\u00f5es de imagens de alta resolu\u00e7\u00e3o do Sol \u2014 n\u00e3o tente fazer isso em casa.\u00a0<a href=\"https:\/\/www.bbc.com\/portuguese\/geral-53248037\" target=\"_blank\" rel=\"noopener noreferrer\"><strong>(Assista ao v\u00eddeo)<\/strong><\/a><\/p>\n<\/div>\n<div class=\"wall protected-content\">\n<div class=\"mc-column content-text active-extra-styles \" data-block-type=\"unstyled\" data-block-weight=\"35\" data-block-id=\"3\">\n<p class=\"content-text__container \" data-track-category=\"Link no Texto\" data-track-links=\"\">As fotos foram tiradas a cada 0,75 segundos durante a \u00f3rbita da Terra ao redor do astro, e o resultado foi disponibilizado pela ag\u00eancia espacial em um v\u00eddeo de um pouco mais de um minuto.<\/p>\n<\/div>\n<div class=\"mc-column content-text active-extra-styles \" data-block-type=\"unstyled\" data-block-weight=\"36\" data-block-id=\"4\">\n<p class=\"content-text__container \" data-track-category=\"Link no Texto\" data-track-links=\"\">Com as imagens, que retratam fen\u00f4menos como erup\u00e7\u00f5es solares e momentos de maior ou menor atividade na superf\u00edcie da Estrela, cientistas esperam avan\u00e7ar em estudos n\u00e3o apenas do Sol, mas de todo o nosso sistema planet\u00e1rio.<\/p>\n<p data-track-category=\"Link no Texto\" data-track-links=\"\"><em>(Fonte: G1\/Foto: Reprodu\u00e7\u00e3o)<\/em><\/p>\n<\/div>\n<\/div>\n","protected":false},"excerpt":{"rendered":"<p>Imagens registradas pela ag\u00eancia espacial americana mostram erup\u00e7\u00f5es solares<\/p>\n","protected":false},"author":18,"featured_media":59945,"comment_status":"closed","ping_status":"closed","sticky":false,"template":"","format":"standard","meta":{"footnotes":""},"categories":[1,2824],"tags":[2200,7129],"class_list":["post-59942","post","type-post","status-publish","format-standard","has-post-thumbnail","hentry","category-noticias","category-variedades","tag-nasa","tag-sol"],"_links":{"self":[{"href":"https:\/\/tvtecjundiai.com.br\/news\/wp-json\/wp\/v2\/posts\/59942","targetHints":{"allow":["GET"]}}],"collection":[{"href":"https:\/\/tvtecjundiai.com.br\/news\/wp-json\/wp\/v2\/posts"}],"about":[{"href":"https:\/\/tvtecjundiai.com.br\/news\/wp-json\/wp\/v2\/types\/post"}],"author":[{"embeddable":true,"href":"https:\/\/tvtecjundiai.com.br\/news\/wp-json\/wp\/v2\/users\/18"}],"replies":[{"embeddable":true,"href":"https:\/\/tvtecjundiai.com.br\/news\/wp-json\/wp\/v2\/comments?post=59942"}],"version-history":[{"count":3,"href":"https:\/\/tvtecjundiai.com.br\/news\/wp-json\/wp\/v2\/posts\/59942\/revisions"}],"predecessor-version":[{"id":59975,"href":"https:\/\/tvtecjundiai.com.br\/news\/wp-json\/wp\/v2\/posts\/59942\/revisions\/59975"}],"wp:featuredmedia":[{"embeddable":true,"href":"https:\/\/tvtecjundiai.com.br\/news\/wp-json\/wp\/v2\/media\/59945"}],"wp:attachment":[{"href":"https:\/\/tvtecjundiai.com.br\/news\/wp-json\/wp\/v2\/media?parent=59942"}],"wp:term":[{"taxonomy":"category","embeddable":true,"href":"https:\/\/tvtecjundiai.com.br\/news\/wp-json\/wp\/v2\/categories?post=59942"},{"taxonomy":"post_tag","embeddable":true,"href":"https:\/\/tvtecjundiai.com.br\/news\/wp-json\/wp\/v2\/tags?post=59942"}],"curies":[{"name":"wp","href":"https:\/\/api.w.org\/{rel}","templated":true}]}}