{"id":59965,"date":"2020-07-10T14:30:59","date_gmt":"2020-07-10T17:30:59","guid":{"rendered":"https:\/\/tvtecjundiai.com.br\/news\/?p=59965"},"modified":"2020-07-10T14:30:59","modified_gmt":"2020-07-10T17:30:59","slug":"serie-infantil-os-chocolix-estreia-no-mundo-kids-da-tvtec","status":"publish","type":"post","link":"https:\/\/tvtecjundiai.com.br\/news\/2020\/07\/10\/serie-infantil-os-chocolix-estreia-no-mundo-kids-da-tvtec\/","title":{"rendered":"S\u00e9rie infantil &#8220;Os Chocolix&#8221; estreia no Mundo Kids da TVTEC"},"content":{"rendered":"<div id=\"attachment_59995\" style=\"width: 424px\" class=\"wp-caption alignleft\"><img loading=\"lazy\" decoding=\"async\" aria-describedby=\"caption-attachment-59995\" class=\"wp-image-59995\" src=\"https:\/\/tvtecjundiai.com.br\/news\/wp-content\/uploads\/sites\/2\/2020\/07\/WhatsApp-Image-2020-07-02-at-11.47.12-2-300x169.jpeg\" alt=\"\" width=\"414\" height=\"233\" srcset=\"https:\/\/tvtecjundiai.com.br\/news\/wp-content\/uploads\/sites\/2\/2020\/07\/WhatsApp-Image-2020-07-02-at-11.47.12-2-300x169.jpeg 300w, https:\/\/tvtecjundiai.com.br\/news\/wp-content\/uploads\/sites\/2\/2020\/07\/WhatsApp-Image-2020-07-02-at-11.47.12-2-1200x675.jpeg 1200w, https:\/\/tvtecjundiai.com.br\/news\/wp-content\/uploads\/sites\/2\/2020\/07\/WhatsApp-Image-2020-07-02-at-11.47.12-2-768x432.jpeg 768w, https:\/\/tvtecjundiai.com.br\/news\/wp-content\/uploads\/sites\/2\/2020\/07\/WhatsApp-Image-2020-07-02-at-11.47.12-2.jpeg 1280w\" sizes=\"auto, (max-width: 414px) 100vw, 414px\" \/><p id=\"caption-attachment-59995\" class=\"wp-caption-text\">A novidade comp\u00f5e a programa\u00e7\u00e3o da TVTEC no canal 24 da NET<\/p><\/div>\n<p>A programa\u00e7\u00e3o da TVTEC Jundia\u00ed, no canal 24 da NET, agora conta com mais uma novidade. A s\u00e9rie infantil &#8216;Os Chocolix&#8217;, criada por Jacqueline Shor, acaba de chegar ao Mundo Kids.<\/p>\n<p><span style=\"color: #333333;\">Os Chocolix \u00e9 uma uma s\u00e9rie de anima\u00e7\u00e3o brasileira, que relata a hist\u00f3ria da fam\u00edlia Chocolix e seus amigos. A fam\u00edlia \u00e9 formada por Dona Branca, Don Cacau, Chocomark, Chocolyne e a mascote Docecookie. <\/span><\/p>\n<p><span style=\"color: #333333;\">A primeira temporada tem 13 epis\u00f3dios, onde a famosa fam\u00edlia de chocolates vivencia surpreendentes aventuras no Reino da Chocol\u00e2ndia. Juntos os personagens aprendem, solucionam mist\u00e9rios, descobrem coisas novas, cantam, dan\u00e7am e se divertem muito.\u00a0<\/span><\/p>\n<p><span style=\"color: #333333;\">O Mundo Kids da TVTEC Jundia\u00ed \u00e9 exibido de segunda a s\u00e1bado, em tr\u00eas hor\u00e1rios: 8h30, 10h e 16h30, pelo canal 24 da NET. Os Chocolix dividem espa\u00e7o com Bob Zoom, Jacar\u00e9lvis e Amigos, Teleco e Teco Nova Gera\u00e7\u00e3o e O Di\u00e1rio de Mika.<\/span><\/p>\n<p><em>(Imagens: Divulga\u00e7\u00e3o)<\/em><\/p>\n","protected":false},"excerpt":{"rendered":"<p>A novidade comp\u00f5e a programa\u00e7\u00e3o da TVTEC no canal 24 da NET<\/p>\n","protected":false},"author":18,"featured_media":59970,"comment_status":"closed","ping_status":"closed","sticky":false,"template":"","format":"standard","meta":{"footnotes":""},"categories":[2833,1],"tags":[3257,7481,7480,702],"class_list":["post-59965","post","type-post","status-publish","format-standard","has-post-thumbnail","hentry","category-cultura","category-noticias","tag-mundo-kids","tag-os-chocolix","tag-serie-infantil","tag-tvtec-jundiai"],"_links":{"self":[{"href":"https:\/\/tvtecjundiai.com.br\/news\/wp-json\/wp\/v2\/posts\/59965","targetHints":{"allow":["GET"]}}],"collection":[{"href":"https:\/\/tvtecjundiai.com.br\/news\/wp-json\/wp\/v2\/posts"}],"about":[{"href":"https:\/\/tvtecjundiai.com.br\/news\/wp-json\/wp\/v2\/types\/post"}],"author":[{"embeddable":true,"href":"https:\/\/tvtecjundiai.com.br\/news\/wp-json\/wp\/v2\/users\/18"}],"replies":[{"embeddable":true,"href":"https:\/\/tvtecjundiai.com.br\/news\/wp-json\/wp\/v2\/comments?post=59965"}],"version-history":[{"count":10,"href":"https:\/\/tvtecjundiai.com.br\/news\/wp-json\/wp\/v2\/posts\/59965\/revisions"}],"predecessor-version":[{"id":60933,"href":"https:\/\/tvtecjundiai.com.br\/news\/wp-json\/wp\/v2\/posts\/59965\/revisions\/60933"}],"wp:featuredmedia":[{"embeddable":true,"href":"https:\/\/tvtecjundiai.com.br\/news\/wp-json\/wp\/v2\/media\/59970"}],"wp:attachment":[{"href":"https:\/\/tvtecjundiai.com.br\/news\/wp-json\/wp\/v2\/media?parent=59965"}],"wp:term":[{"taxonomy":"category","embeddable":true,"href":"https:\/\/tvtecjundiai.com.br\/news\/wp-json\/wp\/v2\/categories?post=59965"},{"taxonomy":"post_tag","embeddable":true,"href":"https:\/\/tvtecjundiai.com.br\/news\/wp-json\/wp\/v2\/tags?post=59965"}],"curies":[{"name":"wp","href":"https:\/\/api.w.org\/{rel}","templated":true}]}}