{"id":60077,"date":"2020-07-03T09:28:48","date_gmt":"2020-07-03T12:28:48","guid":{"rendered":"https:\/\/tvtecjundiai.com.br\/news\/?p=60077"},"modified":"2020-07-03T09:28:48","modified_gmt":"2020-07-03T12:28:48","slug":"lei-emergencial-devera-destinar-r-25-milhoes-para-artistas-de-jundiai","status":"publish","type":"post","link":"https:\/\/tvtecjundiai.com.br\/news\/2020\/07\/03\/lei-emergencial-devera-destinar-r-25-milhoes-para-artistas-de-jundiai\/","title":{"rendered":"Lei emergencial dever\u00e1 destinar R$ 2,5 milh\u00f5es para artistas de Jundia\u00ed"},"content":{"rendered":"<div id=\"attachment_60081\" style=\"width: 415px\" class=\"wp-caption alignright\"><a href=\"https:\/\/tvtecjundiai.com.br\/news\/wp-content\/uploads\/sites\/2\/2020\/07\/transmissao_peroni_lei_emergencia_cultural-1166x960-1.jpeg\"><img loading=\"lazy\" decoding=\"async\" aria-describedby=\"caption-attachment-60081\" class=\" wp-image-60081\" src=\"https:\/\/tvtecjundiai.com.br\/news\/wp-content\/uploads\/sites\/2\/2020\/07\/transmissao_peroni_lei_emergencia_cultural-1166x960-1-300x247.jpeg\" alt=\"\" width=\"405\" height=\"333\" srcset=\"https:\/\/tvtecjundiai.com.br\/news\/wp-content\/uploads\/sites\/2\/2020\/07\/transmissao_peroni_lei_emergencia_cultural-1166x960-1-300x247.jpeg 300w, https:\/\/tvtecjundiai.com.br\/news\/wp-content\/uploads\/sites\/2\/2020\/07\/transmissao_peroni_lei_emergencia_cultural-1166x960-1-768x632.jpeg 768w, https:\/\/tvtecjundiai.com.br\/news\/wp-content\/uploads\/sites\/2\/2020\/07\/transmissao_peroni_lei_emergencia_cultural-1166x960-1.jpeg 1166w\" sizes=\"auto, (max-width: 405px) 100vw, 405px\" \/><\/a><p id=\"caption-attachment-60081\" class=\"wp-caption-text\">Com mais de 700 visualiza\u00e7\u00f5es durante a transmiss\u00e3o, o encontro foi mediado pelo gestor da UGC<\/p><\/div>\n<p>A Unidade de Gest\u00e3o de Cultura (UGC) esclareceu nesta quinta-feira (2) as quest\u00f5es sobre a Lei Federal de Emerg\u00eancia Cultural n\u00ba 14.017 (Lei Aldir Blanc), sancionada na \u00faltima segunda-feira (29), com foco em artistas e espa\u00e7os culturais que tiveram as atividades impactadas pela pandemia do Coronav\u00edrus.<\/p>\n<p>Para os profissionais da \u00e1rea dos Munic\u00edpios da Aglomera\u00e7\u00e3o Urbana de Jundia\u00ed (AUJ) poder\u00e3o ser destinados pela Uni\u00e3o at\u00e9 R$ 5,5 milh\u00f5es. Desse aporte, R$ 2,5 milh\u00f5es devem vir para Jundia\u00ed, com destina\u00e7\u00e3o articulada pela UGC em conjunto com o Conselho Municipal de Pol\u00edtica Cultural (CMPC). \u201cEnquanto aguardamos sua regulamenta\u00e7\u00e3o, j\u00e1 temos trabalhado de forma antecipada, entendendo seu regramento e trabalhando sobre crit\u00e9rios objetivos e em conjunto com o CMPC. Trata-se de recurso p\u00fablico e isso exige ampla divulga\u00e7\u00e3o, comprometimento e responsabilidade\u201d, explica o gestor, Marcelo Peroni.<\/p>\n<p>O repasse federal, no caso de Jundia\u00ed, que disp\u00f5e de um Fundo de Cultura, ser\u00e1 feita atrav\u00e9s dele, sob a supervis\u00e3o de comit\u00ea deliberativo. A destina\u00e7\u00e3o, no entanto, n\u00e3o ser\u00e1 feita ao Munic\u00edpio, mas aos trabalhadores de cultura, atendendo a crit\u00e9rios de repasse e por tr\u00eas modalidades.<\/p>\n<p>A primeira modalidade ser\u00e1 na forma de renda emergencial mensal, no valor de R$ 600 e retroativo ao m\u00eas de junho, com car\u00e1ter social e n\u00e3o vinculada \u00e0 presta\u00e7\u00e3o de servi\u00e7os por parte do benefici\u00e1rio. Por meio de reuni\u00f5es entre mais de 200 gestores municipais de Cultura com a Secretaria Estadual de Cultura e Economia Criativa, decidiu-se que o governo estadual se incumbir\u00e1 desse repasse, restando aos munic\u00edpios atender as outras duas formas seguintes de destina\u00e7\u00e3o com o valor integral que vier da Uni\u00e3o.<\/p>\n<p>A segunda modalidade prev\u00ea o benef\u00edcio como forma de subs\u00eddio mensal, com necessidade de contrapartida, a espa\u00e7os, entidades, associa\u00e7\u00f5es, grupos, empresas e coletivos que desempenhem atividades de car\u00e1ter cultural. J\u00e1 a terceira modalidade constitui a realiza\u00e7\u00e3o de editais, pr\u00eamios, chamamento p\u00fablicos e aquisi\u00e7\u00e3o de bens e servi\u00e7os culturais. Somente para esta \u00faltima modalidade a lei prev\u00ea cota m\u00ednima de destina\u00e7\u00e3o do aporte total, que \u00e9 de 20%.<\/p>\n<p>No momento, a UGC desenvolve, em parceria com a Companhia de Inform\u00e1tica de Jundia\u00ed (CIJUN) um sistema para cadastramento. \u201cA lei diz que \u00e9 necess\u00e1rio que os profissionais se cadastrem para poder acessar o benef\u00edcio. Como ainda aguardamos as especificidades, precisamos esperar para lan\u00e7\u00e1-lo, mas j\u00e1 estamos trabalhando nele. Que fique claro que n\u00e3o ser\u00e1 por meio do Cadastro de Artistas, pois ainda n\u00e3o sabemos o que a Uni\u00e3o quer que haja nesse formul\u00e1rio\u201d.<\/p>\n<p>Para as pessoas que tiverem d\u00favidas em rela\u00e7\u00e3o ao edital, ser\u00e1 tamb\u00e9m criado um e-mail para contato.<\/p>\n<p><em>(Fonte\/Foto: Prefeitura de Jundia\u00ed)<\/em><\/p>\n","protected":false},"excerpt":{"rendered":"<p>Lei Federal de Emerg\u00eancia Cultural n\u00ba 14.017 foi sancionada na \u00faltima segunda-feira (29) <\/p>\n","protected":false},"author":13,"featured_media":60080,"comment_status":"closed","ping_status":"closed","sticky":false,"template":"","format":"standard","meta":{"footnotes":""},"categories":[2834,2833,1],"tags":[5,7485],"class_list":["post-60077","post","type-post","status-publish","format-standard","has-post-thumbnail","hentry","category-cidades","category-cultura","category-noticias","tag-jundiai","tag-lei-federal"],"_links":{"self":[{"href":"https:\/\/tvtecjundiai.com.br\/news\/wp-json\/wp\/v2\/posts\/60077","targetHints":{"allow":["GET"]}}],"collection":[{"href":"https:\/\/tvtecjundiai.com.br\/news\/wp-json\/wp\/v2\/posts"}],"about":[{"href":"https:\/\/tvtecjundiai.com.br\/news\/wp-json\/wp\/v2\/types\/post"}],"author":[{"embeddable":true,"href":"https:\/\/tvtecjundiai.com.br\/news\/wp-json\/wp\/v2\/users\/13"}],"replies":[{"embeddable":true,"href":"https:\/\/tvtecjundiai.com.br\/news\/wp-json\/wp\/v2\/comments?post=60077"}],"version-history":[{"count":1,"href":"https:\/\/tvtecjundiai.com.br\/news\/wp-json\/wp\/v2\/posts\/60077\/revisions"}],"predecessor-version":[{"id":60083,"href":"https:\/\/tvtecjundiai.com.br\/news\/wp-json\/wp\/v2\/posts\/60077\/revisions\/60083"}],"wp:featuredmedia":[{"embeddable":true,"href":"https:\/\/tvtecjundiai.com.br\/news\/wp-json\/wp\/v2\/media\/60080"}],"wp:attachment":[{"href":"https:\/\/tvtecjundiai.com.br\/news\/wp-json\/wp\/v2\/media?parent=60077"}],"wp:term":[{"taxonomy":"category","embeddable":true,"href":"https:\/\/tvtecjundiai.com.br\/news\/wp-json\/wp\/v2\/categories?post=60077"},{"taxonomy":"post_tag","embeddable":true,"href":"https:\/\/tvtecjundiai.com.br\/news\/wp-json\/wp\/v2\/tags?post=60077"}],"curies":[{"name":"wp","href":"https:\/\/api.w.org\/{rel}","templated":true}]}}